{"id":955,"date":"2018-09-14T10:56:25","date_gmt":"2018-09-14T08:56:25","guid":{"rendered":"http:\/\/framo-eway.goliat-agentur.de\/?p=955"},"modified":"2021-12-13T11:54:09","modified_gmt":"2021-12-13T10:54:09","slug":"aldi-sued-bringt-ersten-elektro-sattelzug-mit-kuehlung-auf-die-strasse","status":"publish","type":"post","link":"https:\/\/www.framo-eway.com\/de\/aldi-sued-bringt-ersten-elektro-sattelzug-mit-kuehlung-auf-die-strasse\/","title":{"rendered":"ALDI S\u00dcD PM vom 13.09.2018"},"content":{"rendered":"\n<ul><li><strong>Erster 40-Tonner mit K\u00e4lteaggregat im deutschen Lebensmitteleinzelhandel<\/strong><\/li><li><strong>Alternative Antriebstechnologien als Zukunftsthema der Logistik<\/strong><\/li><li><strong>NRW-Verkehrsminister W\u00fcst lobt Einsatz innovativer Technologie im Handel<\/strong><\/li><\/ul>\n\n\n\n<p>M\u00fclheim a. d. Ruhr (13.09.2018) ALDI S\u00dcD f\u00e4hrt unter Strom: Ab Herbst erhalten die rund 50 Ruhrgebiets-Filialen des Discounters ihre Waren auch von einem Elektro-Lkw. Am heutigen Donnerstag, 13. September, hat ALDI S\u00dcD an seinem M\u00fclheimer Logistikzentrum den ersten rein elektrisch betriebenen 40-Tonner mit K\u00fchlauflieger pr\u00e4sentiert.<\/p>\n\n\n\n<p>\u201eDer gro\u00dfe Vorteil des E-Lkw ist, dass er komplett abgas- und CO2-frei ist und zudem ger\u00e4uscharm f\u00e4hrt\u201c, erkl\u00e4rt Andreas Kremer, Leiter Logistikmanagement bei ALDI S\u00dcD. Der Elektro-Lkw wird \u00fcber eine eigens am M\u00fclheimer Logistikzentrum errichtete Schnelllades\u00e4ule mit einer Leistung von 150 Kilowatt und mit 100 Prozent Gr\u00fcnstrom aus Wasserkraft oder eigenen Fotovoltaikanlagen aufgeladen. Auch das K\u00fchlaggregat wird elektrisch betrieben. Mit der integrierten K\u00e4lteanlage lassen sich im Laderaum mehrere Temperaturzonen erzeugen. Anders als bei Diesel-Aggregaten werden damit keine weiteren Emissionen verursacht.<\/p>\n\n\n\n<p>\u201eAlternative Antriebstechnologien leisten einen wichtigen Beitrag zur Luftreinhaltung sowie zum Klima- und L\u00e4rmschutz. Wir freuen uns, dass ALDI S\u00dcD diese innovative Technologie jetzt auch im Einzelhandel einsetzen will. Wir sind gespannt auf die Ergebnisse der Testphase\u201c, so NRW-Verkehrsminister Hendrik W\u00fcst bei der Pr\u00e4sentation des Elektro-Lkw.<\/p>\n\n\n\n<p><strong>Prototyp: Erster 40-Tonner mit K\u00e4lteaggregat<br><\/strong>ALDI S\u00dcD bringt einen Prototypen auf die Stra\u00dfe: Der ALDI S\u00dcD E-Lkw ist der erste 40-Tonnen-Sattelzug mit K\u00e4lteaggregat im deutschen Lebensmittelmittel-einzelhandel. \u201eWir m\u00f6chten mit unserem Elektro-Lkw die Praxistauglichkeit von alternativen Antrieben in der Warendistribution \u00fcberpr\u00fcfen\u201c, so Andreas Kremer. Gemeinsam mit dem Partner FRAMO hat ALDI S\u00dcD einen herk\u00f6mmlichen Lkw zu einem Elektro-Lkw umger\u00fcstet. Dieser wird zun\u00e4chst testweise f\u00fcr einen Zeitraum von f\u00fcnf Jahren in M\u00fclheim an der Ruhr und Umgebung eingesetzt.<\/p>\n\n\n\n<p><strong>Alternative Antriebe f\u00fcr eine nachhaltige Logistik<\/strong><br>Damit f\u00fchrt die Unternehmensgruppe ihr Klimaschutzengagement auch in der Logistik weiter fort. \u201eUnser Ziel ist es, den Kraftstoffverbrauch unserer Fahrzeugflotte dauerhaft zu senken. Wir setzen schon seit Jahren auf modernste Technik und eine optimale Streckenplanung in der Filiallogistik. Die Tests mit alternativen Antrieben erg\u00e4nzen unseren Einsatz f\u00fcr eine nachhaltige Logistik\u201c, so Andreas Kremer. Bereits seit Sommer 2018 testet ALDI S\u00dcD in vier weiteren Regionalgesellschaften jeweils einen Erdgas-Lkw.<\/p>\n\n\n\n<p><strong>Klimaneutrales Unternehmen<\/strong><br>Der Klimaschutz ist in den Corporate-Responsibility-Grund\u00e4tzen der Unternehmensgruppe ALDI S\u00dcD fest verankert. ALDI S\u00dcD arbeitet seit vielen Jahren daran, seinen Gesch\u00e4ftsbetrieb nachhaltig und klimaschonend zu gestalten und handelt seit 2017 klimaneutral. ALDI S\u00dcD produziert mittlerweile auf 1300 seiner 1890 Filialen klimaschonenden Strom mit eigenen Fotovoltaikanlagen. Bis Ende 2018 werden 60 weitere ALDI S\u00dcD Filialen mit Fotovoltaikanlagen ausgestattet. F\u00fcr den Strombedarf, den ALDI S\u00dcD nicht selbst decken kann, setzt die Unternehmensgruppe ausschlie\u00dflich auf zertifizierten Gr\u00fcnstrom und gleicht die Emissionen, die sich im t\u00e4glichen Handeln nicht vermeiden lassen, durch zertifizierte Kompensationsprojekte aus.<\/p>\n\n\n\n<p><strong>Pressekontakt<\/strong><br>Unternehmensgruppe ALDI S\u00dcD, Kirsten Ge\u00df, presse@aldi-sued.de<br>Pressematerial: aldi-sued.de\/presse<\/p>\n\n\n\n<p>Bildquelle:&nbsp; \u00a9ALDI S\u00dcD, M\u00fchlheim 2018<\/p>\n","protected":false},"excerpt":{"rendered":"<p>ALDI S\u00dcD bringt ersten Elektro-Sattelzug mit K\u00fchlung auf die Stra\u00dfe<\/p>\n","protected":false},"author":1,"featured_media":956,"comment_status":"open","ping_status":"open","sticky":false,"template":"","format":"standard","meta":[],"categories":[7],"tags":[],"yoast_head":"<!-- This site is optimized with the Yoast SEO plugin v19.9 - https:\/\/yoast.com\/wordpress\/plugins\/seo\/ -->\n<title>ALDI S\u00dcD PM vom 13.09.2018 - FRAMO eTrucks<\/title>\n<meta name=\"robots\" content=\"index, follow, max-snippet:-1, max-image-preview:large, max-video-preview:-1\" \/>\n<link rel=\"canonical\" href=\"https:\/\/www.framo-eway.com\/de\/aldi-sued-bringt-ersten-elektro-sattelzug-mit-kuehlung-auf-die-strasse\/\" \/>\n<meta property=\"og:locale\" content=\"de_DE\" \/>\n<meta property=\"og:type\" content=\"article\" \/>\n<meta property=\"og:title\" content=\"ALDI S\u00dcD PM vom 13.09.2018 - FRAMO eTrucks\" \/>\n<meta property=\"og:description\" content=\"ALDI S\u00dcD bringt ersten Elektro-Sattelzug mit K\u00fchlung auf die Stra\u00dfe\" \/>\n<meta property=\"og:url\" content=\"https:\/\/www.framo-eway.com\/de\/aldi-sued-bringt-ersten-elektro-sattelzug-mit-kuehlung-auf-die-strasse\/\" \/>\n<meta property=\"og:site_name\" content=\"FRAMO eTrucks\" \/>\n<meta property=\"article:publisher\" content=\"https:\/\/www.facebook.com\/DriveYourEWay\/\" \/>\n<meta property=\"article:published_time\" content=\"2018-09-14T08:56:25+00:00\" \/>\n<meta property=\"article:modified_time\" content=\"2021-12-13T10:54:09+00:00\" \/>\n<meta property=\"og:image\" content=\"https:\/\/www.framo-eway.com\/wp-content\/uploads\/2018\/08\/ALDI_SUED_E-Lkw_1_300dpi.jpg\" \/>\n\t<meta property=\"og:image:width\" content=\"1500\" \/>\n\t<meta property=\"og:image:height\" content=\"1000\" \/>\n\t<meta property=\"og:image:type\" content=\"image\/jpeg\" \/>\n<meta name=\"author\" content=\"admin\" \/>\n<meta name=\"twitter:card\" content=\"summary_large_image\" \/>\n<meta name=\"twitter:creator\" content=\"@ewayframo\" \/>\n<meta name=\"twitter:site\" content=\"@ewayframo\" \/>\n<meta name=\"twitter:label1\" content=\"Verfasst von\" \/>\n\t<meta name=\"twitter:data1\" content=\"admin\" \/>\n\t<meta name=\"twitter:label2\" content=\"Gesch\u00e4tzte Lesezeit\" \/>\n\t<meta name=\"twitter:data2\" content=\"2\u00a0Minuten\" \/>\n<script type=\"application\/ld+json\" class=\"yoast-schema-graph\">{\"@context\":\"https:\/\/schema.org\",\"@graph\":[{\"@type\":\"Article\",\"@id\":\"https:\/\/www.framo-eway.com\/de\/aldi-sued-bringt-ersten-elektro-sattelzug-mit-kuehlung-auf-die-strasse\/#article\",\"isPartOf\":{\"@id\":\"https:\/\/www.framo-eway.com\/de\/aldi-sued-bringt-ersten-elektro-sattelzug-mit-kuehlung-auf-die-strasse\/\"},\"author\":{\"name\":\"admin\",\"@id\":\"https:\/\/www.framo-eway.com\/de\/#\/schema\/person\/ccbb29b0f6285f618eaf1b736e16813d\"},\"headline\":\"ALDI S\u00dcD PM vom 13.09.2018\",\"datePublished\":\"2018-09-14T08:56:25+00:00\",\"dateModified\":\"2021-12-13T10:54:09+00:00\",\"mainEntityOfPage\":{\"@id\":\"https:\/\/www.framo-eway.com\/de\/aldi-sued-bringt-ersten-elektro-sattelzug-mit-kuehlung-auf-die-strasse\/\"},\"wordCount\":501,\"commentCount\":0,\"publisher\":{\"@id\":\"https:\/\/www.framo-eway.com\/de\/#organization\"},\"articleSection\":[\"Pressemitteilung\"],\"inLanguage\":\"de\",\"potentialAction\":[{\"@type\":\"CommentAction\",\"name\":\"Comment\",\"target\":[\"https:\/\/www.framo-eway.com\/de\/aldi-sued-bringt-ersten-elektro-sattelzug-mit-kuehlung-auf-die-strasse\/#respond\"]}]},{\"@type\":\"WebPage\",\"@id\":\"https:\/\/www.framo-eway.com\/de\/aldi-sued-bringt-ersten-elektro-sattelzug-mit-kuehlung-auf-die-strasse\/\",\"url\":\"https:\/\/www.framo-eway.com\/de\/aldi-sued-bringt-ersten-elektro-sattelzug-mit-kuehlung-auf-die-strasse\/\",\"name\":\"ALDI S\u00dcD PM vom 13.09.2018 - FRAMO eTrucks\",\"isPartOf\":{\"@id\":\"https:\/\/www.framo-eway.com\/de\/#website\"},\"datePublished\":\"2018-09-14T08:56:25+00:00\",\"dateModified\":\"2021-12-13T10:54:09+00:00\",\"breadcrumb\":{\"@id\":\"https:\/\/www.framo-eway.com\/de\/aldi-sued-bringt-ersten-elektro-sattelzug-mit-kuehlung-auf-die-strasse\/#breadcrumb\"},\"inLanguage\":\"de\",\"potentialAction\":[{\"@type\":\"ReadAction\",\"target\":[\"https:\/\/www.framo-eway.com\/de\/aldi-sued-bringt-ersten-elektro-sattelzug-mit-kuehlung-auf-die-strasse\/\"]}]},{\"@type\":\"BreadcrumbList\",\"@id\":\"https:\/\/www.framo-eway.com\/de\/aldi-sued-bringt-ersten-elektro-sattelzug-mit-kuehlung-auf-die-strasse\/#breadcrumb\",\"itemListElement\":[{\"@type\":\"ListItem\",\"position\":1,\"name\":\"Home\",\"item\":\"https:\/\/www.framo-eway.com\/de\/\"},{\"@type\":\"ListItem\",\"position\":2,\"name\":\"ALDI S\u00dcD PM vom 13.09.2018\"}]},{\"@type\":\"WebSite\",\"@id\":\"https:\/\/www.framo-eway.com\/de\/#website\",\"url\":\"https:\/\/www.framo-eway.com\/de\/\",\"name\":\"FRAMO eTrucks\",\"description\":\"Drive your eWay\",\"publisher\":{\"@id\":\"https:\/\/www.framo-eway.com\/de\/#organization\"},\"potentialAction\":[{\"@type\":\"SearchAction\",\"target\":{\"@type\":\"EntryPoint\",\"urlTemplate\":\"https:\/\/www.framo-eway.com\/de\/?s={search_term_string}\"},\"query-input\":\"required name=search_term_string\"}],\"inLanguage\":\"de\"},{\"@type\":\"Organization\",\"@id\":\"https:\/\/www.framo-eway.com\/de\/#organization\",\"name\":\"FRAMO GmbH\",\"url\":\"https:\/\/www.framo-eway.com\/de\/\",\"logo\":{\"@type\":\"ImageObject\",\"inLanguage\":\"de\",\"@id\":\"https:\/\/www.framo-eway.com\/de\/#\/schema\/logo\/image\/\",\"url\":\"https:\/\/www.framo-eway.com\/wp-content\/uploads\/2021\/12\/favicon.png\",\"contentUrl\":\"https:\/\/www.framo-eway.com\/wp-content\/uploads\/2021\/12\/favicon.png\",\"width\":100,\"height\":100,\"caption\":\"FRAMO GmbH\"},\"image\":{\"@id\":\"https:\/\/www.framo-eway.com\/de\/#\/schema\/logo\/image\/\"},\"sameAs\":[\"https:\/\/www.instagram.com\/framo_eway\/\",\"https:\/\/www.linkedin.com\/company\/framo-gmbh\/\",\"https:\/\/www.youtube.com\/channel\/UCC04KAkGMDQkg_zNopupgew\",\"https:\/\/de.wikipedia.org\/wiki\/Framo\",\"https:\/\/www.facebook.com\/DriveYourEWay\/\",\"https:\/\/twitter.com\/ewayframo\"]},{\"@type\":\"Person\",\"@id\":\"https:\/\/www.framo-eway.com\/de\/#\/schema\/person\/ccbb29b0f6285f618eaf1b736e16813d\",\"name\":\"admin\",\"image\":{\"@type\":\"ImageObject\",\"inLanguage\":\"de\",\"@id\":\"https:\/\/www.framo-eway.com\/de\/#\/schema\/person\/image\/\",\"url\":\"https:\/\/secure.gravatar.com\/avatar\/37250b421cf0667516cb13e5f8f329e6?s=96&d=mm&r=g\",\"contentUrl\":\"https:\/\/secure.gravatar.com\/avatar\/37250b421cf0667516cb13e5f8f329e6?s=96&d=mm&r=g\",\"caption\":\"admin\"}}]}<\/script>\n<!-- \/ Yoast SEO plugin. -->","yoast_head_json":{"title":"ALDI S\u00dcD PM vom 13.09.2018 - FRAMO eTrucks","robots":{"index":"index","follow":"follow","max-snippet":"max-snippet:-1","max-image-preview":"max-image-preview:large","max-video-preview":"max-video-preview:-1"},"canonical":"https:\/\/www.framo-eway.com\/de\/aldi-sued-bringt-ersten-elektro-sattelzug-mit-kuehlung-auf-die-strasse\/","og_locale":"de_DE","og_type":"article","og_title":"ALDI S\u00dcD PM vom 13.09.2018 - FRAMO eTrucks","og_description":"ALDI S\u00dcD bringt ersten Elektro-Sattelzug mit K\u00fchlung auf die Stra\u00dfe","og_url":"https:\/\/www.framo-eway.com\/de\/aldi-sued-bringt-ersten-elektro-sattelzug-mit-kuehlung-auf-die-strasse\/","og_site_name":"FRAMO eTrucks","article_publisher":"https:\/\/www.facebook.com\/DriveYourEWay\/","article_published_time":"2018-09-14T08:56:25+00:00","article_modified_time":"2021-12-13T10:54:09+00:00","og_image":[{"width":1500,"height":1000,"url":"https:\/\/www.framo-eway.com\/wp-content\/uploads\/2018\/08\/ALDI_SUED_E-Lkw_1_300dpi.jpg","type":"image\/jpeg"}],"author":"admin","twitter_card":"summary_large_image","twitter_creator":"@ewayframo","twitter_site":"@ewayframo","twitter_misc":{"Verfasst von":"admin","Gesch\u00e4tzte Lesezeit":"2\u00a0Minuten"},"schema":{"@context":"https:\/\/schema.org","@graph":[{"@type":"Article","@id":"https:\/\/www.framo-eway.com\/de\/aldi-sued-bringt-ersten-elektro-sattelzug-mit-kuehlung-auf-die-strasse\/#article","isPartOf":{"@id":"https:\/\/www.framo-eway.com\/de\/aldi-sued-bringt-ersten-elektro-sattelzug-mit-kuehlung-auf-die-strasse\/"},"author":{"name":"admin","@id":"https:\/\/www.framo-eway.com\/de\/#\/schema\/person\/ccbb29b0f6285f618eaf1b736e16813d"},"headline":"ALDI S\u00dcD PM vom 13.09.2018","datePublished":"2018-09-14T08:56:25+00:00","dateModified":"2021-12-13T10:54:09+00:00","mainEntityOfPage":{"@id":"https:\/\/www.framo-eway.com\/de\/aldi-sued-bringt-ersten-elektro-sattelzug-mit-kuehlung-auf-die-strasse\/"},"wordCount":501,"commentCount":0,"publisher":{"@id":"https:\/\/www.framo-eway.com\/de\/#organization"},"articleSection":["Pressemitteilung"],"inLanguage":"de","potentialAction":[{"@type":"CommentAction","name":"Comment","target":["https:\/\/www.framo-eway.com\/de\/aldi-sued-bringt-ersten-elektro-sattelzug-mit-kuehlung-auf-die-strasse\/#respond"]}]},{"@type":"WebPage","@id":"https:\/\/www.framo-eway.com\/de\/aldi-sued-bringt-ersten-elektro-sattelzug-mit-kuehlung-auf-die-strasse\/","url":"https:\/\/www.framo-eway.com\/de\/aldi-sued-bringt-ersten-elektro-sattelzug-mit-kuehlung-auf-die-strasse\/","name":"ALDI S\u00dcD PM vom 13.09.2018 - FRAMO eTrucks","isPartOf":{"@id":"https:\/\/www.framo-eway.com\/de\/#website"},"datePublished":"2018-09-14T08:56:25+00:00","dateModified":"2021-12-13T10:54:09+00:00","breadcrumb":{"@id":"https:\/\/www.framo-eway.com\/de\/aldi-sued-bringt-ersten-elektro-sattelzug-mit-kuehlung-auf-die-strasse\/#breadcrumb"},"inLanguage":"de","potentialAction":[{"@type":"ReadAction","target":["https:\/\/www.framo-eway.com\/de\/aldi-sued-bringt-ersten-elektro-sattelzug-mit-kuehlung-auf-die-strasse\/"]}]},{"@type":"BreadcrumbList","@id":"https:\/\/www.framo-eway.com\/de\/aldi-sued-bringt-ersten-elektro-sattelzug-mit-kuehlung-auf-die-strasse\/#breadcrumb","itemListElement":[{"@type":"ListItem","position":1,"name":"Home","item":"https:\/\/www.framo-eway.com\/de\/"},{"@type":"ListItem","position":2,"name":"ALDI S\u00dcD PM vom 13.09.2018"}]},{"@type":"WebSite","@id":"https:\/\/www.framo-eway.com\/de\/#website","url":"https:\/\/www.framo-eway.com\/de\/","name":"FRAMO eTrucks","description":"Drive your eWay","publisher":{"@id":"https:\/\/www.framo-eway.com\/de\/#organization"},"potentialAction":[{"@type":"SearchAction","target":{"@type":"EntryPoint","urlTemplate":"https:\/\/www.framo-eway.com\/de\/?s={search_term_string}"},"query-input":"required name=search_term_string"}],"inLanguage":"de"},{"@type":"Organization","@id":"https:\/\/www.framo-eway.com\/de\/#organization","name":"FRAMO GmbH","url":"https:\/\/www.framo-eway.com\/de\/","logo":{"@type":"ImageObject","inLanguage":"de","@id":"https:\/\/www.framo-eway.com\/de\/#\/schema\/logo\/image\/","url":"https:\/\/www.framo-eway.com\/wp-content\/uploads\/2021\/12\/favicon.png","contentUrl":"https:\/\/www.framo-eway.com\/wp-content\/uploads\/2021\/12\/favicon.png","width":100,"height":100,"caption":"FRAMO GmbH"},"image":{"@id":"https:\/\/www.framo-eway.com\/de\/#\/schema\/logo\/image\/"},"sameAs":["https:\/\/www.instagram.com\/framo_eway\/","https:\/\/www.linkedin.com\/company\/framo-gmbh\/","https:\/\/www.youtube.com\/channel\/UCC04KAkGMDQkg_zNopupgew","https:\/\/de.wikipedia.org\/wiki\/Framo","https:\/\/www.facebook.com\/DriveYourEWay\/","https:\/\/twitter.com\/ewayframo"]},{"@type":"Person","@id":"https:\/\/www.framo-eway.com\/de\/#\/schema\/person\/ccbb29b0f6285f618eaf1b736e16813d","name":"admin","image":{"@type":"ImageObject","inLanguage":"de","@id":"https:\/\/www.framo-eway.com\/de\/#\/schema\/person\/image\/","url":"https:\/\/secure.gravatar.com\/avatar\/37250b421cf0667516cb13e5f8f329e6?s=96&d=mm&r=g","contentUrl":"https:\/\/secure.gravatar.com\/avatar\/37250b421cf0667516cb13e5f8f329e6?s=96&d=mm&r=g","caption":"admin"}}]}},"_links":{"self":[{"href":"https:\/\/www.framo-eway.com\/de\/wp-json\/wp\/v2\/posts\/955"}],"collection":[{"href":"https:\/\/www.framo-eway.com\/de\/wp-json\/wp\/v2\/posts"}],"about":[{"href":"https:\/\/www.framo-eway.com\/de\/wp-json\/wp\/v2\/types\/post"}],"author":[{"embeddable":true,"href":"https:\/\/www.framo-eway.com\/de\/wp-json\/wp\/v2\/users\/1"}],"replies":[{"embeddable":true,"href":"https:\/\/www.framo-eway.com\/de\/wp-json\/wp\/v2\/comments?post=955"}],"version-history":[{"count":5,"href":"https:\/\/www.framo-eway.com\/de\/wp-json\/wp\/v2\/posts\/955\/revisions"}],"predecessor-version":[{"id":3469,"href":"https:\/\/www.framo-eway.com\/de\/wp-json\/wp\/v2\/posts\/955\/revisions\/3469"}],"wp:featuredmedia":[{"embeddable":true,"href":"https:\/\/www.framo-eway.com\/de\/wp-json\/wp\/v2\/media\/956"}],"wp:attachment":[{"href":"https:\/\/www.framo-eway.com\/de\/wp-json\/wp\/v2\/media?parent=955"}],"wp:term":[{"taxonomy":"category","embeddable":true,"href":"https:\/\/www.framo-eway.com\/de\/wp-json\/wp\/v2\/categories?post=955"},{"taxonomy":"post_tag","embeddable":true,"href":"https:\/\/www.framo-eway.com\/de\/wp-json\/wp\/v2\/tags?post=955"}],"curies":[{"name":"wp","href":"https:\/\/api.w.org\/{rel}","templated":true}]}}