{"id":3118,"date":"2021-06-29T10:00:22","date_gmt":"2021-06-29T08:00:22","guid":{"rendered":"https:\/\/www.framo-eway.com\/framo-auf-klarem-kurs-neue-investitionen-von-15-millionen-euro-marktpraesenz-gefestigt-copy\/"},"modified":"2021-12-12T21:36:58","modified_gmt":"2021-12-12T20:36:58","slug":"framo-mit-doppelter-auszeichnung-beim-abc-award-raeumt-der-innovative-etruck-bauer-und-umruester-auf-anhieb-zwei-preise-ab","status":"publish","type":"post","link":"https:\/\/www.framo-eway.com\/de\/framo-mit-doppelter-auszeichnung-beim-abc-award-raeumt-der-innovative-etruck-bauer-und-umruester-auf-anhieb-zwei-preise-ab\/","title":{"rendered":"Framo mit doppelter Auszeichnung"},"content":{"rendered":"<ul>\n<li><strong>Framo GmbH als bedeutender Gestalter emissionsfreier Zukunfts-Mobilit\u00e4t gleich zweifach ausgezeichnet<\/strong><\/li>\n<li><strong>Preise erhalten f\u00fcr das elektrische Abfallsammel-Fahrzeug sowie die batteriebetriebene Umschlagmaschine mit 21 Tonnen Betriebsgewicht<\/strong><\/li>\n<li><strong>Preisverleihung des \u201eAutomotive Brand Contest Award\u201c (ABC Award) im Herbst 2021<\/strong><\/li>\n<\/ul>\n<p>L\u00f6bichau (29.6.2021) \u201eDie Framo GmbH ist ein bedeutender Gestalter klimaneutraler Mobilit\u00e4tsl\u00f6sungen der Zukunft \u2013 das best\u00e4tigt jetzt auch die gleich doppelte Preisverleihung beim Automotive Brand Contest des Rates f\u00fcr Formgebung\u201c, so Serhat Yilmaz, Chief Marketing &amp; Business Development Officer der Framo GmbH in Th\u00fcringen. Der prestigetr\u00e4chtige ABC-Award des German Design Council zeichnet innovative L\u00f6sungen aus, die den neuen Anspr\u00fcchen an Nachhaltigkeit, Lebensqualit\u00e4t und Fortbewegung der Zukunft gerecht werden. Framo konnte hier in der Kategorie \u201eCommercial\u201c mit zwei Anmeldungen gleich zwei Preise abr\u00e4umen: Pr\u00e4miert wurden sowohl das elektrische Abfallsammel-Fahrzeug wie auch die batteriebetriebene Umschlagmaschine mit 21 Tonnen Betriebsgewicht. Yilmaz: \u201eBeide Ger\u00e4te hat Framo in Eigenregie entwickelt und zur Marktreife gebracht.\u201c<\/p>\n<p>Mit dem ABC Award werden weltweit namhafte Akteure der Mobilit\u00e4tsindustrie, des Transportwesens und seinen Zulieferern, f\u00fchrende Design- und Markenagenturen, aber auch die Planer und Entwickler von innovativer Mikromobilit\u00e4t und Mobility 4.0 ausgezeichnet.[\/vc_column_text][vc_column_text]<\/p>\n<h3><a href=\"https:\/\/www.abc-award.de\/die-gewinner\/galerie\/detail\/37693-elektrisches-abfallsammelfahrzeug.html\" target=\"_blank\" rel=\"noopener\"><strong>Preisgewinner: Elektrisches Abfallsammel-Fahrzeug<\/strong><\/a><\/h3>\n<p>Das batteriebetriebene Abfallsammel-Fahrzeug von Framo eTrucks wurde von der Jury in der Kategorie \u201eCommercial\u201c als besonderer Beitrag f\u00fcr die Verkehrswende ausgezeichnet. Framo elektrifiziert damit den kommunalen Lastenverkehr. Mit selbst entwickelter Software und eigenem Batterie-Management-System realisieren die eTruck-Profis aus Th\u00fcringen damit die Verkehrswende im kritischen Segment des Schwerlastverkehrs. Die emissionsfreien M\u00fclltransporter haben eine Kapazit\u00e4t von 26 Tonnen und eine Reichweite von 150 Kilometern. In mehreren deutschen Kommunen verbessern Framo eTrucks bereits nachhaltig Atemluft und Klima.[\/vc_column_text][vc_video link=&#8220;https:\/\/www.youtube.com\/watch?v=uAfmoLLPrN4&#8243; el_width=&#8220;60&#8243; align=&#8220;center&#8220;][vc_column_text]<\/p>\n<h3><a href=\"https:\/\/www.abc-award.de\/die-gewinner\/galerie\/detail\/37660-batteriebetriebene-umschlagmaschine.html\" target=\"_blank\" rel=\"noopener\"><strong>Preisgewinner: Batteriebetriebene Umschlagmaschine mit 21 Tonnen Betriebsgewicht<\/strong><\/a><\/h3>\n<p>Einen zweiten Award in der Kategorie \u201eCommercial\u201c konnte Framo mit seiner elektrischen Umschlagmaschine abr\u00e4umen: Die Maschine sitzt mit flexibler Konstruktion auf festem Chassis, wodurch maximal breite Einsatzfelder entstehen: Emissionsfreie Bagger, Kipper oder Hubmaschinen sind damit nur eine Frage des Aufbaus. Software sowie ein Batterie-Management-System aus eigener Entwicklung geben der Maschine 140 kW Leistung, eine Laufzeit von acht Stunden und 115 kWh Kapazit\u00e4t. Lokale CO2-Emissionen k\u00f6nnen mit nur einer Maschine um mehr als 16 Tonnen pro Jahr reduziert werden.[\/vc_column_text][vc_video link=&#8220;https:\/\/www.youtube.com\/watch?v=C9ImdprLzvc&#8220; el_width=&#8220;60&#8243; align=&#8220;center&#8220;][vc_column_text]<\/p>\n<h3><strong>Preisverleihung im Herbst 2021<\/strong><\/h3>\n<p>Die Preisverleihung des ABC Award findet im Herbst 2021 statt. Initiator und Veranstalter des ABC Award 2021 ist der Rat f\u00fcr Formgebung. Als Exzellenzzentrum f\u00fcr Kommunikation und Wissenstransfer in den Bereichen Design, Marke und Innovation st\u00e4rkt er seit 1953 die Gestaltungskompetenz von Wirtschaft und Industrie \u2013 den Motor starker Wettbewerbsf\u00e4higkeit in einer dynamischen und zukunftsorientierten Branche. Mit internationalen Angeboten, Nachwuchsf\u00f6rderungen und Mitgliedschaften ist er Teil der globalen Design-Community und tr\u00e4gt seit jeher dazu bei, Austausch und Netzwerke weltweit zu etablieren. Seinem Mitgliederkreis geh\u00f6ren aktuell mehr als 350 Unternehmen an.<\/p>\n<p><strong><em>Die Framo GmbH: Der E-Mobilit\u00e4tsexperte f\u00fcr Schwertransporte<\/em><\/strong><\/p>\n<p><em>Seit Jahren Branchenpionier: Die Framo GmbH ist ein innovativer Technologie-Entwickler und -Anwender rund um die Elektromobilit\u00e4t im Nutzfahrzeugbereich. Das mittelst\u00e4ndische Unternehmen aus L\u00f6bichau hat sich mit kleinen Serien f\u00fcr besondere Anspr\u00fcche in der internationalen Branche einen Namen gemacht. Ob rein elektrische Kofferfahrzeuge, Sattelzugmaschinen f\u00fcr den Nah- und Werksverkehr, kommunale Abfallsammel-Lkw oder Betonmischer: Das Framo-Portfolio ist umfangreich. Den Lastenbereich von 7,5 bis 60 Tonnen deckt man damit komplett ab. Framo liefert Wunschfahrzeuge mit modernster Antriebstechnik und z\u00e4hlt profilierte Kunden wie die Supermarktkette Aldi, das Bahn-Logistikunternehmen DB Schenker und den Automobilkonzern Volkswagen zum Kundenstamm.<\/em><\/p>\n<p><strong>Pressekontakt:<br \/>\n<\/strong>Serhat Yilmaz<br \/>\nUnterst\u00fctzung der Gesch\u00e4ftsf\u00fchrung<br \/>\nChief Marketing &amp; Business Development Officer<br \/>\nTel.: +49 36602 473330<br \/>\nMail: <a href=\"mailto:presse@framo-eway.com\">presse@framo-eway.com<\/a><\/p>\n<p><a class=\"c-btn-green\" href=\"https:\/\/www.framo-eway.com\/wp-content\/uploads\/2018\/08\/PM-Framo-ABC-Award-mit-Bildmaterial-29.06.21.pdf\" download=\"\">Download: Pressemitteilung PDF<\/a><\/p>\n","protected":false},"excerpt":{"rendered":"<p>Framo mit doppelter Auszeichnung: Beim ABC Award r\u00e4umt der innovative eTruck-Bauer und -Umr\u00fcster auf Anhieb zwei Preise ab<\/p>\n","protected":false},"author":1,"featured_media":2892,"comment_status":"open","ping_status":"open","sticky":false,"template":"","format":"standard","meta":[],"categories":[7],"tags":[],"yoast_head":"<!-- This site is optimized with the Yoast SEO plugin v19.9 - https:\/\/yoast.com\/wordpress\/plugins\/seo\/ -->\n<title>Framo mit doppelter Auszeichnung - FRAMO eTrucks<\/title>\n<meta name=\"robots\" content=\"index, follow, max-snippet:-1, max-image-preview:large, max-video-preview:-1\" \/>\n<link rel=\"canonical\" href=\"https:\/\/www.framo-eway.com\/de\/framo-mit-doppelter-auszeichnung-beim-abc-award-raeumt-der-innovative-etruck-bauer-und-umruester-auf-anhieb-zwei-preise-ab\/\" \/>\n<meta property=\"og:locale\" content=\"de_DE\" \/>\n<meta property=\"og:type\" content=\"article\" \/>\n<meta property=\"og:title\" content=\"Framo mit doppelter Auszeichnung - FRAMO eTrucks\" \/>\n<meta property=\"og:description\" content=\"Framo mit doppelter Auszeichnung: Beim ABC Award r\u00e4umt der innovative eTruck-Bauer und -Umr\u00fcster auf Anhieb zwei Preise ab\" \/>\n<meta property=\"og:url\" content=\"https:\/\/www.framo-eway.com\/de\/framo-mit-doppelter-auszeichnung-beim-abc-award-raeumt-der-innovative-etruck-bauer-und-umruester-auf-anhieb-zwei-preise-ab\/\" \/>\n<meta property=\"og:site_name\" content=\"FRAMO eTrucks\" \/>\n<meta property=\"article:publisher\" content=\"https:\/\/www.facebook.com\/DriveYourEWay\/\" \/>\n<meta property=\"article:published_time\" content=\"2021-06-29T08:00:22+00:00\" \/>\n<meta property=\"article:modified_time\" content=\"2021-12-12T20:36:58+00:00\" \/>\n<meta property=\"og:image\" content=\"https:\/\/www.framo-eway.com\/wp-content\/uploads\/2021\/03\/Pressemitteilung_Framo-1.jpg\" \/>\n\t<meta property=\"og:image:width\" content=\"1920\" \/>\n\t<meta property=\"og:image:height\" content=\"1920\" \/>\n\t<meta property=\"og:image:type\" content=\"image\/jpeg\" \/>\n<meta name=\"author\" content=\"admin\" \/>\n<meta name=\"twitter:card\" content=\"summary_large_image\" \/>\n<meta name=\"twitter:creator\" content=\"@ewayframo\" \/>\n<meta name=\"twitter:site\" content=\"@ewayframo\" \/>\n<meta name=\"twitter:label1\" content=\"Verfasst von\" \/>\n\t<meta name=\"twitter:data1\" content=\"admin\" \/>\n\t<meta name=\"twitter:label2\" content=\"Gesch\u00e4tzte Lesezeit\" \/>\n\t<meta name=\"twitter:data2\" content=\"3\u00a0Minuten\" \/>\n<script type=\"application\/ld+json\" class=\"yoast-schema-graph\">{\"@context\":\"https:\/\/schema.org\",\"@graph\":[{\"@type\":\"Article\",\"@id\":\"https:\/\/www.framo-eway.com\/de\/framo-mit-doppelter-auszeichnung-beim-abc-award-raeumt-der-innovative-etruck-bauer-und-umruester-auf-anhieb-zwei-preise-ab\/#article\",\"isPartOf\":{\"@id\":\"https:\/\/www.framo-eway.com\/de\/framo-mit-doppelter-auszeichnung-beim-abc-award-raeumt-der-innovative-etruck-bauer-und-umruester-auf-anhieb-zwei-preise-ab\/\"},\"author\":{\"name\":\"admin\",\"@id\":\"https:\/\/www.framo-eway.com\/de\/#\/schema\/person\/ccbb29b0f6285f618eaf1b736e16813d\"},\"headline\":\"Framo mit doppelter Auszeichnung\",\"datePublished\":\"2021-06-29T08:00:22+00:00\",\"dateModified\":\"2021-12-12T20:36:58+00:00\",\"mainEntityOfPage\":{\"@id\":\"https:\/\/www.framo-eway.com\/de\/framo-mit-doppelter-auszeichnung-beim-abc-award-raeumt-der-innovative-etruck-bauer-und-umruester-auf-anhieb-zwei-preise-ab\/\"},\"wordCount\":626,\"commentCount\":0,\"publisher\":{\"@id\":\"https:\/\/www.framo-eway.com\/de\/#organization\"},\"articleSection\":[\"Pressemitteilung\"],\"inLanguage\":\"de\",\"potentialAction\":[{\"@type\":\"CommentAction\",\"name\":\"Comment\",\"target\":[\"https:\/\/www.framo-eway.com\/de\/framo-mit-doppelter-auszeichnung-beim-abc-award-raeumt-der-innovative-etruck-bauer-und-umruester-auf-anhieb-zwei-preise-ab\/#respond\"]}]},{\"@type\":\"WebPage\",\"@id\":\"https:\/\/www.framo-eway.com\/de\/framo-mit-doppelter-auszeichnung-beim-abc-award-raeumt-der-innovative-etruck-bauer-und-umruester-auf-anhieb-zwei-preise-ab\/\",\"url\":\"https:\/\/www.framo-eway.com\/de\/framo-mit-doppelter-auszeichnung-beim-abc-award-raeumt-der-innovative-etruck-bauer-und-umruester-auf-anhieb-zwei-preise-ab\/\",\"name\":\"Framo mit doppelter Auszeichnung - FRAMO eTrucks\",\"isPartOf\":{\"@id\":\"https:\/\/www.framo-eway.com\/de\/#website\"},\"datePublished\":\"2021-06-29T08:00:22+00:00\",\"dateModified\":\"2021-12-12T20:36:58+00:00\",\"breadcrumb\":{\"@id\":\"https:\/\/www.framo-eway.com\/de\/framo-mit-doppelter-auszeichnung-beim-abc-award-raeumt-der-innovative-etruck-bauer-und-umruester-auf-anhieb-zwei-preise-ab\/#breadcrumb\"},\"inLanguage\":\"de\",\"potentialAction\":[{\"@type\":\"ReadAction\",\"target\":[\"https:\/\/www.framo-eway.com\/de\/framo-mit-doppelter-auszeichnung-beim-abc-award-raeumt-der-innovative-etruck-bauer-und-umruester-auf-anhieb-zwei-preise-ab\/\"]}]},{\"@type\":\"BreadcrumbList\",\"@id\":\"https:\/\/www.framo-eway.com\/de\/framo-mit-doppelter-auszeichnung-beim-abc-award-raeumt-der-innovative-etruck-bauer-und-umruester-auf-anhieb-zwei-preise-ab\/#breadcrumb\",\"itemListElement\":[{\"@type\":\"ListItem\",\"position\":1,\"name\":\"Home\",\"item\":\"https:\/\/www.framo-eway.com\/de\/\"},{\"@type\":\"ListItem\",\"position\":2,\"name\":\"Framo mit doppelter Auszeichnung\"}]},{\"@type\":\"WebSite\",\"@id\":\"https:\/\/www.framo-eway.com\/de\/#website\",\"url\":\"https:\/\/www.framo-eway.com\/de\/\",\"name\":\"FRAMO eTrucks\",\"description\":\"Drive your eWay\",\"publisher\":{\"@id\":\"https:\/\/www.framo-eway.com\/de\/#organization\"},\"potentialAction\":[{\"@type\":\"SearchAction\",\"target\":{\"@type\":\"EntryPoint\",\"urlTemplate\":\"https:\/\/www.framo-eway.com\/de\/?s={search_term_string}\"},\"query-input\":\"required name=search_term_string\"}],\"inLanguage\":\"de\"},{\"@type\":\"Organization\",\"@id\":\"https:\/\/www.framo-eway.com\/de\/#organization\",\"name\":\"FRAMO GmbH\",\"url\":\"https:\/\/www.framo-eway.com\/de\/\",\"logo\":{\"@type\":\"ImageObject\",\"inLanguage\":\"de\",\"@id\":\"https:\/\/www.framo-eway.com\/de\/#\/schema\/logo\/image\/\",\"url\":\"https:\/\/www.framo-eway.com\/wp-content\/uploads\/2021\/12\/favicon.png\",\"contentUrl\":\"https:\/\/www.framo-eway.com\/wp-content\/uploads\/2021\/12\/favicon.png\",\"width\":100,\"height\":100,\"caption\":\"FRAMO GmbH\"},\"image\":{\"@id\":\"https:\/\/www.framo-eway.com\/de\/#\/schema\/logo\/image\/\"},\"sameAs\":[\"https:\/\/www.instagram.com\/framo_eway\/\",\"https:\/\/www.linkedin.com\/company\/framo-gmbh\/\",\"https:\/\/www.youtube.com\/channel\/UCC04KAkGMDQkg_zNopupgew\",\"https:\/\/de.wikipedia.org\/wiki\/Framo\",\"https:\/\/www.facebook.com\/DriveYourEWay\/\",\"https:\/\/twitter.com\/ewayframo\"]},{\"@type\":\"Person\",\"@id\":\"https:\/\/www.framo-eway.com\/de\/#\/schema\/person\/ccbb29b0f6285f618eaf1b736e16813d\",\"name\":\"admin\",\"image\":{\"@type\":\"ImageObject\",\"inLanguage\":\"de\",\"@id\":\"https:\/\/www.framo-eway.com\/de\/#\/schema\/person\/image\/\",\"url\":\"https:\/\/secure.gravatar.com\/avatar\/37250b421cf0667516cb13e5f8f329e6?s=96&d=mm&r=g\",\"contentUrl\":\"https:\/\/secure.gravatar.com\/avatar\/37250b421cf0667516cb13e5f8f329e6?s=96&d=mm&r=g\",\"caption\":\"admin\"}}]}<\/script>\n<!-- \/ Yoast SEO plugin. -->","yoast_head_json":{"title":"Framo mit doppelter Auszeichnung - FRAMO eTrucks","robots":{"index":"index","follow":"follow","max-snippet":"max-snippet:-1","max-image-preview":"max-image-preview:large","max-video-preview":"max-video-preview:-1"},"canonical":"https:\/\/www.framo-eway.com\/de\/framo-mit-doppelter-auszeichnung-beim-abc-award-raeumt-der-innovative-etruck-bauer-und-umruester-auf-anhieb-zwei-preise-ab\/","og_locale":"de_DE","og_type":"article","og_title":"Framo mit doppelter Auszeichnung - FRAMO eTrucks","og_description":"Framo mit doppelter Auszeichnung: Beim ABC Award r\u00e4umt der innovative eTruck-Bauer und -Umr\u00fcster auf Anhieb zwei Preise ab","og_url":"https:\/\/www.framo-eway.com\/de\/framo-mit-doppelter-auszeichnung-beim-abc-award-raeumt-der-innovative-etruck-bauer-und-umruester-auf-anhieb-zwei-preise-ab\/","og_site_name":"FRAMO eTrucks","article_publisher":"https:\/\/www.facebook.com\/DriveYourEWay\/","article_published_time":"2021-06-29T08:00:22+00:00","article_modified_time":"2021-12-12T20:36:58+00:00","og_image":[{"width":1920,"height":1920,"url":"https:\/\/www.framo-eway.com\/wp-content\/uploads\/2021\/03\/Pressemitteilung_Framo-1.jpg","type":"image\/jpeg"}],"author":"admin","twitter_card":"summary_large_image","twitter_creator":"@ewayframo","twitter_site":"@ewayframo","twitter_misc":{"Verfasst von":"admin","Gesch\u00e4tzte Lesezeit":"3\u00a0Minuten"},"schema":{"@context":"https:\/\/schema.org","@graph":[{"@type":"Article","@id":"https:\/\/www.framo-eway.com\/de\/framo-mit-doppelter-auszeichnung-beim-abc-award-raeumt-der-innovative-etruck-bauer-und-umruester-auf-anhieb-zwei-preise-ab\/#article","isPartOf":{"@id":"https:\/\/www.framo-eway.com\/de\/framo-mit-doppelter-auszeichnung-beim-abc-award-raeumt-der-innovative-etruck-bauer-und-umruester-auf-anhieb-zwei-preise-ab\/"},"author":{"name":"admin","@id":"https:\/\/www.framo-eway.com\/de\/#\/schema\/person\/ccbb29b0f6285f618eaf1b736e16813d"},"headline":"Framo mit doppelter Auszeichnung","datePublished":"2021-06-29T08:00:22+00:00","dateModified":"2021-12-12T20:36:58+00:00","mainEntityOfPage":{"@id":"https:\/\/www.framo-eway.com\/de\/framo-mit-doppelter-auszeichnung-beim-abc-award-raeumt-der-innovative-etruck-bauer-und-umruester-auf-anhieb-zwei-preise-ab\/"},"wordCount":626,"commentCount":0,"publisher":{"@id":"https:\/\/www.framo-eway.com\/de\/#organization"},"articleSection":["Pressemitteilung"],"inLanguage":"de","potentialAction":[{"@type":"CommentAction","name":"Comment","target":["https:\/\/www.framo-eway.com\/de\/framo-mit-doppelter-auszeichnung-beim-abc-award-raeumt-der-innovative-etruck-bauer-und-umruester-auf-anhieb-zwei-preise-ab\/#respond"]}]},{"@type":"WebPage","@id":"https:\/\/www.framo-eway.com\/de\/framo-mit-doppelter-auszeichnung-beim-abc-award-raeumt-der-innovative-etruck-bauer-und-umruester-auf-anhieb-zwei-preise-ab\/","url":"https:\/\/www.framo-eway.com\/de\/framo-mit-doppelter-auszeichnung-beim-abc-award-raeumt-der-innovative-etruck-bauer-und-umruester-auf-anhieb-zwei-preise-ab\/","name":"Framo mit doppelter Auszeichnung - FRAMO eTrucks","isPartOf":{"@id":"https:\/\/www.framo-eway.com\/de\/#website"},"datePublished":"2021-06-29T08:00:22+00:00","dateModified":"2021-12-12T20:36:58+00:00","breadcrumb":{"@id":"https:\/\/www.framo-eway.com\/de\/framo-mit-doppelter-auszeichnung-beim-abc-award-raeumt-der-innovative-etruck-bauer-und-umruester-auf-anhieb-zwei-preise-ab\/#breadcrumb"},"inLanguage":"de","potentialAction":[{"@type":"ReadAction","target":["https:\/\/www.framo-eway.com\/de\/framo-mit-doppelter-auszeichnung-beim-abc-award-raeumt-der-innovative-etruck-bauer-und-umruester-auf-anhieb-zwei-preise-ab\/"]}]},{"@type":"BreadcrumbList","@id":"https:\/\/www.framo-eway.com\/de\/framo-mit-doppelter-auszeichnung-beim-abc-award-raeumt-der-innovative-etruck-bauer-und-umruester-auf-anhieb-zwei-preise-ab\/#breadcrumb","itemListElement":[{"@type":"ListItem","position":1,"name":"Home","item":"https:\/\/www.framo-eway.com\/de\/"},{"@type":"ListItem","position":2,"name":"Framo mit doppelter Auszeichnung"}]},{"@type":"WebSite","@id":"https:\/\/www.framo-eway.com\/de\/#website","url":"https:\/\/www.framo-eway.com\/de\/","name":"FRAMO eTrucks","description":"Drive your eWay","publisher":{"@id":"https:\/\/www.framo-eway.com\/de\/#organization"},"potentialAction":[{"@type":"SearchAction","target":{"@type":"EntryPoint","urlTemplate":"https:\/\/www.framo-eway.com\/de\/?s={search_term_string}"},"query-input":"required name=search_term_string"}],"inLanguage":"de"},{"@type":"Organization","@id":"https:\/\/www.framo-eway.com\/de\/#organization","name":"FRAMO GmbH","url":"https:\/\/www.framo-eway.com\/de\/","logo":{"@type":"ImageObject","inLanguage":"de","@id":"https:\/\/www.framo-eway.com\/de\/#\/schema\/logo\/image\/","url":"https:\/\/www.framo-eway.com\/wp-content\/uploads\/2021\/12\/favicon.png","contentUrl":"https:\/\/www.framo-eway.com\/wp-content\/uploads\/2021\/12\/favicon.png","width":100,"height":100,"caption":"FRAMO GmbH"},"image":{"@id":"https:\/\/www.framo-eway.com\/de\/#\/schema\/logo\/image\/"},"sameAs":["https:\/\/www.instagram.com\/framo_eway\/","https:\/\/www.linkedin.com\/company\/framo-gmbh\/","https:\/\/www.youtube.com\/channel\/UCC04KAkGMDQkg_zNopupgew","https:\/\/de.wikipedia.org\/wiki\/Framo","https:\/\/www.facebook.com\/DriveYourEWay\/","https:\/\/twitter.com\/ewayframo"]},{"@type":"Person","@id":"https:\/\/www.framo-eway.com\/de\/#\/schema\/person\/ccbb29b0f6285f618eaf1b736e16813d","name":"admin","image":{"@type":"ImageObject","inLanguage":"de","@id":"https:\/\/www.framo-eway.com\/de\/#\/schema\/person\/image\/","url":"https:\/\/secure.gravatar.com\/avatar\/37250b421cf0667516cb13e5f8f329e6?s=96&d=mm&r=g","contentUrl":"https:\/\/secure.gravatar.com\/avatar\/37250b421cf0667516cb13e5f8f329e6?s=96&d=mm&r=g","caption":"admin"}}]}},"_links":{"self":[{"href":"https:\/\/www.framo-eway.com\/de\/wp-json\/wp\/v2\/posts\/3118"}],"collection":[{"href":"https:\/\/www.framo-eway.com\/de\/wp-json\/wp\/v2\/posts"}],"about":[{"href":"https:\/\/www.framo-eway.com\/de\/wp-json\/wp\/v2\/types\/post"}],"author":[{"embeddable":true,"href":"https:\/\/www.framo-eway.com\/de\/wp-json\/wp\/v2\/users\/1"}],"replies":[{"embeddable":true,"href":"https:\/\/www.framo-eway.com\/de\/wp-json\/wp\/v2\/comments?post=3118"}],"version-history":[{"count":9,"href":"https:\/\/www.framo-eway.com\/de\/wp-json\/wp\/v2\/posts\/3118\/revisions"}],"predecessor-version":[{"id":3295,"href":"https:\/\/www.framo-eway.com\/de\/wp-json\/wp\/v2\/posts\/3118\/revisions\/3295"}],"wp:featuredmedia":[{"embeddable":true,"href":"https:\/\/www.framo-eway.com\/de\/wp-json\/wp\/v2\/media\/2892"}],"wp:attachment":[{"href":"https:\/\/www.framo-eway.com\/de\/wp-json\/wp\/v2\/media?parent=3118"}],"wp:term":[{"taxonomy":"category","embeddable":true,"href":"https:\/\/www.framo-eway.com\/de\/wp-json\/wp\/v2\/categories?post=3118"},{"taxonomy":"post_tag","embeddable":true,"href":"https:\/\/www.framo-eway.com\/de\/wp-json\/wp\/v2\/tags?post=3118"}],"curies":[{"name":"wp","href":"https:\/\/api.w.org\/{rel}","templated":true}]}}