{"id":3090,"date":"2021-06-16T09:00:06","date_gmt":"2021-06-16T07:00:06","guid":{"rendered":"https:\/\/www.framo-eway.com\/ein-starkes-signal-neue-kooperative-schwerpunkte-bei-vertrieb-und-service-elektrischer-kommunalfahrzeuge-copy\/"},"modified":"2021-12-12T21:37:42","modified_gmt":"2021-12-12T20:37:42","slug":"framo-auf-klarem-kurs-neue-investitionen-von-15-millionen-euro-marktpraesenz-gefestigt","status":"publish","type":"post","link":"https:\/\/www.framo-eway.com\/de\/framo-auf-klarem-kurs-neue-investitionen-von-15-millionen-euro-marktpraesenz-gefestigt\/","title":{"rendered":"Framo auf klarem Kurs"},"content":{"rendered":"<ul>\n<li><strong>Spitzentreffen der Framo GmbH, L\u00f6bichau: Investor und Hauptgesellschafter Majed Al-Askar k\u00fcndigt hohe Investitionen an<\/strong><\/li>\n<li><strong>Mit 5 Millionen Euro im laufenden Gesch\u00e4ftsjahr 2021 und weiteren 10 Millionen Euro in 2022 bekennen sich die eTruck-Konstrukteure und -Umr\u00fcster aus Th\u00fcringen erneut zur Zukunft<\/strong><\/li>\n<li><strong>Forschung, Entwicklung, Batterie-Bau und Produktion werden ma\u00dfgeblich ausgebaut <\/strong><\/li>\n<\/ul>\n<p>L\u00f6bichau (16.06.2021) Framo, der f\u00fchrenden Anbieter von Branchen- und Speziall\u00f6sungen f\u00fcr emissionsfreien Schwerlastverkehr, nimmt Kurs auf die M\u00e4rkte von Morgen. Nach einem Spitzentreffen der Gesch\u00e4ftsf\u00fchrung bekennt sich der eTruck-Bauer und -Umr\u00fcster aus Th\u00fcringen erneut zum Wachstum und seiner Rolle als spezialisierter Branchengestalter: \u201eNoch im laufenden Gesch\u00e4ftsjahr werden wir das Investitionsvolumen um 5 Millionen Euro erh\u00f6hen, bereits 2022 folgen weitere 10 Millionen Euro\u201c, so Herr Majed Al-Askar, Hauptgesellschafter und Investor der Framo GmbH.<\/p>\n<p>\u201eF\u00fcr uns ist das ein ganz klares und ehrliches Zeichen an unsere Kunden, Mitarbeiter und Partner: Die Framo GmbH wird ihre Position in der Branche weiter festigen und ausbauen. Wir wollen den Markt f\u00fcr emissionsfreien Schwerlastverkehr auch in Zukunft ma\u00dfgeblich gestalten und unsere Kapazit\u00e4ten im Sinne unserer Kunden in Deutschland und Europa kontinuierlich erweitern\u201c, so Al-Askar nach dem Treffen in L\u00f6bichau. \u201eBei unseren Auftraggebern, Partnern und Lieferanten m\u00f6chte ich mich herzlich f\u00fcr ihre Treue bedanken. Wir freuen uns auf fruchtbare Zusammenarbeit und eine k\u00fcnftig noch engere Kooperation.\u201c<\/p>\n<h3><strong>Neue Perspektiven nach Personalwechsel in der Gesch\u00e4ftsf\u00fchrung<\/strong><\/h3>\n<p>\u201eIn der Vergangenheit und mit der vorhergegangenen Gesch\u00e4ftsf\u00fchrung ist leider nicht immer alles reibungslos gelaufen, das m\u00fcssen wir zugeben\u201c, so Al-Askar. \u201eMit neuem Management haben wir die Framo GmbH aber wieder auf Kurs gebracht. Das ist vor allem eine Teamleistung: Wir haben entscheidende Positionen in der Gesch\u00e4ftsf\u00fchrung ausgetauscht und mit CMO und CBDO Serhat Yilmaz eine wichtige Personalie gewonnen. Jetzt stimmt nicht nur die Richtung: Unsere Investitionen zahlen sich sichtbar aus.\u201c \u00c4hnlich sieht das auch Serhat Yilmaz: \u201cWir haben mit den Fehlern der Vergangenheit aufger\u00e4umt und k\u00f6nnen uns jetzt voll und ganz auf die Zukunft konzentrieren: Im eTruck-Bereich haben wir den Anspruch, die Nummer Eins in Europa zu werden.\u201c<\/p>\n<h3><strong>Framo nimmt Verantwortung an, gute Nachrichten f\u00fcr Kunden und Partner<\/strong><\/h3>\n<p>Die gro\u00dfangelegten Investitionen sollen bei der Framo GmbH vor allem in die Bereiche Forschung, Entwicklung und Produktion flie\u00dfen. \u201eWir werden uns insgesamt breiter aufstellen\u201c, verr\u00e4t Yilmaz, der die Ambitionen bei Framo selbstbewusst zusammenfasst: \u201eWir haben die L\u00f6sungen von Morgen. Mit dem spezialisierten Know-How unserer Mitarbeiter ist es unser Prinzip, dem Markt vorauszulaufen. Wir sehen die Elektrifizierung des Schwerlastverkehrs auch als unsere Verantwortung, weil wir die Kompetenzen daf\u00fcr haben. Und diese Verantwortung nehmen wir an, das spiegelt sich in den nun angek\u00fcndigten Investitionen ganz klar wider.\u201c<\/p>\n<p>F\u00fcr Kunden und Partner der Framo GmbH sind das besonders gute Nachrichten: Lieferzeiten werden nun weiter verk\u00fcrzt, der Aus- und Umbau von Elektrofahrzeugen im Lastenbereich wird beschleunigt und deren Reichweite verbessert. Besonders im Bereich der Batterie-Forschung und -Produktion werden neue Schwerpunkte gesetzt. Auch die Entwicklung der Brennstoffzellen-Technik wird mit den neuen Mitteln jetzt entschieden vorangetrieben. Framo macht die Verkehrswende damit auch in Zukunft zur Tatsache: Die eTruck-Profis bleiben im Spitzenfeld am Ball.<\/p>\n<p><strong><em>Die Framo GmbH: Der E-Mobilit\u00e4tsexperte f\u00fcr Schwertransporte<\/em><\/strong><\/p>\n<p><em>Seit Jahren Branchenpionier: Die Framo GmbH ist ein innovativer Technologie-Entwickler und -Anwender rund um die Elektromobilit\u00e4t im Nutzfahrzeugbereich. Das mittelst\u00e4ndische Unternehmen aus L\u00f6bichau hat sich mit kleinen Serien f\u00fcr besondere Anspr\u00fcche in der internationalen Branche einen Namen gemacht. Ob rein elektrische Kofferfahrzeuge, Sattelzugmaschinen f\u00fcr den Nah- und Werksverkehr, kommunale Abfallsammel-Lkw oder Betonmischer: Das Framo-Portfolio ist umfangreich. Den Lastenbereich von 7,5 bis 60 Tonnen deckt man damit komplett ab. Framo liefert Wunschfahrzeuge mit modernster Antriebstechnik und z\u00e4hlt profilierte Kunden wie die Supermarktkette Aldi, das Bahn-Logistikunternehmen DB Schenker und den Automobilkonzern Volkswagen zum Kundenstamm.<\/em><\/p>\n<p><strong>Pressekontakt:<br \/>\n<\/strong>Serhat Yilmaz<br \/>\nUnterst\u00fctzung der Gesch\u00e4ftsf\u00fchrung<br \/>\nChief Marketing &amp; Business Development Officer<br \/>\nTel.: +49 36602 473330<br \/>\nMail: <a href=\"mailto:presse@framo-eway.com\">presse@framo-eway.com<\/a><\/p>\n<p><a class=\"c-btn-green\" href=\"https:\/\/www.framo-eway.com\/wp-content\/uploads\/2018\/08\/Framo_Press_16062021-1.pdf\" download=\"\">Download: Pressemitteilung PDF<\/a><\/p>\n","protected":false},"excerpt":{"rendered":"<p>Framo auf klarem Kurs: Neue Investitionen von 15 Millionen Euro, Marktpr\u00e4senz gefestigt<\/p>\n","protected":false},"author":1,"featured_media":2892,"comment_status":"open","ping_status":"open","sticky":false,"template":"","format":"standard","meta":[],"categories":[7],"tags":[],"yoast_head":"<!-- This site is optimized with the Yoast SEO plugin v19.9 - https:\/\/yoast.com\/wordpress\/plugins\/seo\/ -->\n<title>Framo auf klarem Kurs - FRAMO eTrucks<\/title>\n<meta name=\"robots\" content=\"index, follow, max-snippet:-1, max-image-preview:large, max-video-preview:-1\" \/>\n<link rel=\"canonical\" href=\"https:\/\/www.framo-eway.com\/de\/framo-auf-klarem-kurs-neue-investitionen-von-15-millionen-euro-marktpraesenz-gefestigt\/\" \/>\n<meta property=\"og:locale\" content=\"de_DE\" \/>\n<meta property=\"og:type\" content=\"article\" \/>\n<meta property=\"og:title\" content=\"Framo auf klarem Kurs - FRAMO eTrucks\" \/>\n<meta property=\"og:description\" content=\"Framo auf klarem Kurs: Neue Investitionen von 15 Millionen Euro, Marktpr\u00e4senz gefestigt\" \/>\n<meta property=\"og:url\" content=\"https:\/\/www.framo-eway.com\/de\/framo-auf-klarem-kurs-neue-investitionen-von-15-millionen-euro-marktpraesenz-gefestigt\/\" \/>\n<meta property=\"og:site_name\" content=\"FRAMO eTrucks\" \/>\n<meta property=\"article:publisher\" content=\"https:\/\/www.facebook.com\/DriveYourEWay\/\" \/>\n<meta property=\"article:published_time\" content=\"2021-06-16T07:00:06+00:00\" \/>\n<meta property=\"article:modified_time\" content=\"2021-12-12T20:37:42+00:00\" \/>\n<meta property=\"og:image\" content=\"https:\/\/www.framo-eway.com\/wp-content\/uploads\/2021\/03\/Pressemitteilung_Framo-1.jpg\" \/>\n\t<meta property=\"og:image:width\" content=\"1920\" \/>\n\t<meta property=\"og:image:height\" content=\"1920\" \/>\n\t<meta property=\"og:image:type\" content=\"image\/jpeg\" \/>\n<meta name=\"author\" content=\"admin\" \/>\n<meta name=\"twitter:card\" content=\"summary_large_image\" \/>\n<meta name=\"twitter:creator\" content=\"@ewayframo\" \/>\n<meta name=\"twitter:site\" content=\"@ewayframo\" \/>\n<meta name=\"twitter:label1\" content=\"Verfasst von\" \/>\n\t<meta name=\"twitter:data1\" content=\"admin\" \/>\n\t<meta name=\"twitter:label2\" content=\"Gesch\u00e4tzte Lesezeit\" \/>\n\t<meta name=\"twitter:data2\" content=\"3\u00a0Minuten\" \/>\n<script type=\"application\/ld+json\" class=\"yoast-schema-graph\">{\"@context\":\"https:\/\/schema.org\",\"@graph\":[{\"@type\":\"Article\",\"@id\":\"https:\/\/www.framo-eway.com\/de\/framo-auf-klarem-kurs-neue-investitionen-von-15-millionen-euro-marktpraesenz-gefestigt\/#article\",\"isPartOf\":{\"@id\":\"https:\/\/www.framo-eway.com\/de\/framo-auf-klarem-kurs-neue-investitionen-von-15-millionen-euro-marktpraesenz-gefestigt\/\"},\"author\":{\"name\":\"admin\",\"@id\":\"https:\/\/www.framo-eway.com\/de\/#\/schema\/person\/ccbb29b0f6285f618eaf1b736e16813d\"},\"headline\":\"Framo auf klarem Kurs\",\"datePublished\":\"2021-06-16T07:00:06+00:00\",\"dateModified\":\"2021-12-12T20:37:42+00:00\",\"mainEntityOfPage\":{\"@id\":\"https:\/\/www.framo-eway.com\/de\/framo-auf-klarem-kurs-neue-investitionen-von-15-millionen-euro-marktpraesenz-gefestigt\/\"},\"wordCount\":658,\"commentCount\":0,\"publisher\":{\"@id\":\"https:\/\/www.framo-eway.com\/de\/#organization\"},\"articleSection\":[\"Pressemitteilung\"],\"inLanguage\":\"de\",\"potentialAction\":[{\"@type\":\"CommentAction\",\"name\":\"Comment\",\"target\":[\"https:\/\/www.framo-eway.com\/de\/framo-auf-klarem-kurs-neue-investitionen-von-15-millionen-euro-marktpraesenz-gefestigt\/#respond\"]}]},{\"@type\":\"WebPage\",\"@id\":\"https:\/\/www.framo-eway.com\/de\/framo-auf-klarem-kurs-neue-investitionen-von-15-millionen-euro-marktpraesenz-gefestigt\/\",\"url\":\"https:\/\/www.framo-eway.com\/de\/framo-auf-klarem-kurs-neue-investitionen-von-15-millionen-euro-marktpraesenz-gefestigt\/\",\"name\":\"Framo auf klarem Kurs - FRAMO eTrucks\",\"isPartOf\":{\"@id\":\"https:\/\/www.framo-eway.com\/de\/#website\"},\"datePublished\":\"2021-06-16T07:00:06+00:00\",\"dateModified\":\"2021-12-12T20:37:42+00:00\",\"breadcrumb\":{\"@id\":\"https:\/\/www.framo-eway.com\/de\/framo-auf-klarem-kurs-neue-investitionen-von-15-millionen-euro-marktpraesenz-gefestigt\/#breadcrumb\"},\"inLanguage\":\"de\",\"potentialAction\":[{\"@type\":\"ReadAction\",\"target\":[\"https:\/\/www.framo-eway.com\/de\/framo-auf-klarem-kurs-neue-investitionen-von-15-millionen-euro-marktpraesenz-gefestigt\/\"]}]},{\"@type\":\"BreadcrumbList\",\"@id\":\"https:\/\/www.framo-eway.com\/de\/framo-auf-klarem-kurs-neue-investitionen-von-15-millionen-euro-marktpraesenz-gefestigt\/#breadcrumb\",\"itemListElement\":[{\"@type\":\"ListItem\",\"position\":1,\"name\":\"Home\",\"item\":\"https:\/\/www.framo-eway.com\/de\/\"},{\"@type\":\"ListItem\",\"position\":2,\"name\":\"Framo auf klarem Kurs\"}]},{\"@type\":\"WebSite\",\"@id\":\"https:\/\/www.framo-eway.com\/de\/#website\",\"url\":\"https:\/\/www.framo-eway.com\/de\/\",\"name\":\"FRAMO eTrucks\",\"description\":\"Drive your eWay\",\"publisher\":{\"@id\":\"https:\/\/www.framo-eway.com\/de\/#organization\"},\"potentialAction\":[{\"@type\":\"SearchAction\",\"target\":{\"@type\":\"EntryPoint\",\"urlTemplate\":\"https:\/\/www.framo-eway.com\/de\/?s={search_term_string}\"},\"query-input\":\"required name=search_term_string\"}],\"inLanguage\":\"de\"},{\"@type\":\"Organization\",\"@id\":\"https:\/\/www.framo-eway.com\/de\/#organization\",\"name\":\"FRAMO GmbH\",\"url\":\"https:\/\/www.framo-eway.com\/de\/\",\"logo\":{\"@type\":\"ImageObject\",\"inLanguage\":\"de\",\"@id\":\"https:\/\/www.framo-eway.com\/de\/#\/schema\/logo\/image\/\",\"url\":\"https:\/\/www.framo-eway.com\/wp-content\/uploads\/2021\/12\/favicon.png\",\"contentUrl\":\"https:\/\/www.framo-eway.com\/wp-content\/uploads\/2021\/12\/favicon.png\",\"width\":100,\"height\":100,\"caption\":\"FRAMO GmbH\"},\"image\":{\"@id\":\"https:\/\/www.framo-eway.com\/de\/#\/schema\/logo\/image\/\"},\"sameAs\":[\"https:\/\/www.instagram.com\/framo_eway\/\",\"https:\/\/www.linkedin.com\/company\/framo-gmbh\/\",\"https:\/\/www.youtube.com\/channel\/UCC04KAkGMDQkg_zNopupgew\",\"https:\/\/de.wikipedia.org\/wiki\/Framo\",\"https:\/\/www.facebook.com\/DriveYourEWay\/\",\"https:\/\/twitter.com\/ewayframo\"]},{\"@type\":\"Person\",\"@id\":\"https:\/\/www.framo-eway.com\/de\/#\/schema\/person\/ccbb29b0f6285f618eaf1b736e16813d\",\"name\":\"admin\",\"image\":{\"@type\":\"ImageObject\",\"inLanguage\":\"de\",\"@id\":\"https:\/\/www.framo-eway.com\/de\/#\/schema\/person\/image\/\",\"url\":\"https:\/\/secure.gravatar.com\/avatar\/37250b421cf0667516cb13e5f8f329e6?s=96&d=mm&r=g\",\"contentUrl\":\"https:\/\/secure.gravatar.com\/avatar\/37250b421cf0667516cb13e5f8f329e6?s=96&d=mm&r=g\",\"caption\":\"admin\"}}]}<\/script>\n<!-- \/ Yoast SEO plugin. -->","yoast_head_json":{"title":"Framo auf klarem Kurs - FRAMO eTrucks","robots":{"index":"index","follow":"follow","max-snippet":"max-snippet:-1","max-image-preview":"max-image-preview:large","max-video-preview":"max-video-preview:-1"},"canonical":"https:\/\/www.framo-eway.com\/de\/framo-auf-klarem-kurs-neue-investitionen-von-15-millionen-euro-marktpraesenz-gefestigt\/","og_locale":"de_DE","og_type":"article","og_title":"Framo auf klarem Kurs - FRAMO eTrucks","og_description":"Framo auf klarem Kurs: Neue Investitionen von 15 Millionen Euro, Marktpr\u00e4senz gefestigt","og_url":"https:\/\/www.framo-eway.com\/de\/framo-auf-klarem-kurs-neue-investitionen-von-15-millionen-euro-marktpraesenz-gefestigt\/","og_site_name":"FRAMO eTrucks","article_publisher":"https:\/\/www.facebook.com\/DriveYourEWay\/","article_published_time":"2021-06-16T07:00:06+00:00","article_modified_time":"2021-12-12T20:37:42+00:00","og_image":[{"width":1920,"height":1920,"url":"https:\/\/www.framo-eway.com\/wp-content\/uploads\/2021\/03\/Pressemitteilung_Framo-1.jpg","type":"image\/jpeg"}],"author":"admin","twitter_card":"summary_large_image","twitter_creator":"@ewayframo","twitter_site":"@ewayframo","twitter_misc":{"Verfasst von":"admin","Gesch\u00e4tzte Lesezeit":"3\u00a0Minuten"},"schema":{"@context":"https:\/\/schema.org","@graph":[{"@type":"Article","@id":"https:\/\/www.framo-eway.com\/de\/framo-auf-klarem-kurs-neue-investitionen-von-15-millionen-euro-marktpraesenz-gefestigt\/#article","isPartOf":{"@id":"https:\/\/www.framo-eway.com\/de\/framo-auf-klarem-kurs-neue-investitionen-von-15-millionen-euro-marktpraesenz-gefestigt\/"},"author":{"name":"admin","@id":"https:\/\/www.framo-eway.com\/de\/#\/schema\/person\/ccbb29b0f6285f618eaf1b736e16813d"},"headline":"Framo auf klarem Kurs","datePublished":"2021-06-16T07:00:06+00:00","dateModified":"2021-12-12T20:37:42+00:00","mainEntityOfPage":{"@id":"https:\/\/www.framo-eway.com\/de\/framo-auf-klarem-kurs-neue-investitionen-von-15-millionen-euro-marktpraesenz-gefestigt\/"},"wordCount":658,"commentCount":0,"publisher":{"@id":"https:\/\/www.framo-eway.com\/de\/#organization"},"articleSection":["Pressemitteilung"],"inLanguage":"de","potentialAction":[{"@type":"CommentAction","name":"Comment","target":["https:\/\/www.framo-eway.com\/de\/framo-auf-klarem-kurs-neue-investitionen-von-15-millionen-euro-marktpraesenz-gefestigt\/#respond"]}]},{"@type":"WebPage","@id":"https:\/\/www.framo-eway.com\/de\/framo-auf-klarem-kurs-neue-investitionen-von-15-millionen-euro-marktpraesenz-gefestigt\/","url":"https:\/\/www.framo-eway.com\/de\/framo-auf-klarem-kurs-neue-investitionen-von-15-millionen-euro-marktpraesenz-gefestigt\/","name":"Framo auf klarem Kurs - FRAMO eTrucks","isPartOf":{"@id":"https:\/\/www.framo-eway.com\/de\/#website"},"datePublished":"2021-06-16T07:00:06+00:00","dateModified":"2021-12-12T20:37:42+00:00","breadcrumb":{"@id":"https:\/\/www.framo-eway.com\/de\/framo-auf-klarem-kurs-neue-investitionen-von-15-millionen-euro-marktpraesenz-gefestigt\/#breadcrumb"},"inLanguage":"de","potentialAction":[{"@type":"ReadAction","target":["https:\/\/www.framo-eway.com\/de\/framo-auf-klarem-kurs-neue-investitionen-von-15-millionen-euro-marktpraesenz-gefestigt\/"]}]},{"@type":"BreadcrumbList","@id":"https:\/\/www.framo-eway.com\/de\/framo-auf-klarem-kurs-neue-investitionen-von-15-millionen-euro-marktpraesenz-gefestigt\/#breadcrumb","itemListElement":[{"@type":"ListItem","position":1,"name":"Home","item":"https:\/\/www.framo-eway.com\/de\/"},{"@type":"ListItem","position":2,"name":"Framo auf klarem Kurs"}]},{"@type":"WebSite","@id":"https:\/\/www.framo-eway.com\/de\/#website","url":"https:\/\/www.framo-eway.com\/de\/","name":"FRAMO eTrucks","description":"Drive your eWay","publisher":{"@id":"https:\/\/www.framo-eway.com\/de\/#organization"},"potentialAction":[{"@type":"SearchAction","target":{"@type":"EntryPoint","urlTemplate":"https:\/\/www.framo-eway.com\/de\/?s={search_term_string}"},"query-input":"required name=search_term_string"}],"inLanguage":"de"},{"@type":"Organization","@id":"https:\/\/www.framo-eway.com\/de\/#organization","name":"FRAMO GmbH","url":"https:\/\/www.framo-eway.com\/de\/","logo":{"@type":"ImageObject","inLanguage":"de","@id":"https:\/\/www.framo-eway.com\/de\/#\/schema\/logo\/image\/","url":"https:\/\/www.framo-eway.com\/wp-content\/uploads\/2021\/12\/favicon.png","contentUrl":"https:\/\/www.framo-eway.com\/wp-content\/uploads\/2021\/12\/favicon.png","width":100,"height":100,"caption":"FRAMO GmbH"},"image":{"@id":"https:\/\/www.framo-eway.com\/de\/#\/schema\/logo\/image\/"},"sameAs":["https:\/\/www.instagram.com\/framo_eway\/","https:\/\/www.linkedin.com\/company\/framo-gmbh\/","https:\/\/www.youtube.com\/channel\/UCC04KAkGMDQkg_zNopupgew","https:\/\/de.wikipedia.org\/wiki\/Framo","https:\/\/www.facebook.com\/DriveYourEWay\/","https:\/\/twitter.com\/ewayframo"]},{"@type":"Person","@id":"https:\/\/www.framo-eway.com\/de\/#\/schema\/person\/ccbb29b0f6285f618eaf1b736e16813d","name":"admin","image":{"@type":"ImageObject","inLanguage":"de","@id":"https:\/\/www.framo-eway.com\/de\/#\/schema\/person\/image\/","url":"https:\/\/secure.gravatar.com\/avatar\/37250b421cf0667516cb13e5f8f329e6?s=96&d=mm&r=g","contentUrl":"https:\/\/secure.gravatar.com\/avatar\/37250b421cf0667516cb13e5f8f329e6?s=96&d=mm&r=g","caption":"admin"}}]}},"_links":{"self":[{"href":"https:\/\/www.framo-eway.com\/de\/wp-json\/wp\/v2\/posts\/3090"}],"collection":[{"href":"https:\/\/www.framo-eway.com\/de\/wp-json\/wp\/v2\/posts"}],"about":[{"href":"https:\/\/www.framo-eway.com\/de\/wp-json\/wp\/v2\/types\/post"}],"author":[{"embeddable":true,"href":"https:\/\/www.framo-eway.com\/de\/wp-json\/wp\/v2\/users\/1"}],"replies":[{"embeddable":true,"href":"https:\/\/www.framo-eway.com\/de\/wp-json\/wp\/v2\/comments?post=3090"}],"version-history":[{"count":6,"href":"https:\/\/www.framo-eway.com\/de\/wp-json\/wp\/v2\/posts\/3090\/revisions"}],"predecessor-version":[{"id":3297,"href":"https:\/\/www.framo-eway.com\/de\/wp-json\/wp\/v2\/posts\/3090\/revisions\/3297"}],"wp:featuredmedia":[{"embeddable":true,"href":"https:\/\/www.framo-eway.com\/de\/wp-json\/wp\/v2\/media\/2892"}],"wp:attachment":[{"href":"https:\/\/www.framo-eway.com\/de\/wp-json\/wp\/v2\/media?parent=3090"}],"wp:term":[{"taxonomy":"category","embeddable":true,"href":"https:\/\/www.framo-eway.com\/de\/wp-json\/wp\/v2\/categories?post=3090"},{"taxonomy":"post_tag","embeddable":true,"href":"https:\/\/www.framo-eway.com\/de\/wp-json\/wp\/v2\/tags?post=3090"}],"curies":[{"name":"wp","href":"https:\/\/api.w.org\/{rel}","templated":true}]}}