{"id":2957,"date":"2021-03-16T10:00:34","date_gmt":"2021-03-16T09:00:34","guid":{"rendered":"https:\/\/www.framo-eway.com\/mehr-power-fuer-die-e-mobilitaet-im-schwerlastverkehr-copy\/"},"modified":"2021-12-13T11:52:37","modified_gmt":"2021-12-13T10:52:37","slug":"framo-bringt-h2-truck-ende-2021-stellt-e-kits-fuer-partner-zur-verfuegung","status":"publish","type":"post","link":"https:\/\/www.framo-eway.com\/de\/framo-bringt-h2-truck-ende-2021-stellt-e-kits-fuer-partner-zur-verfuegung\/","title":{"rendered":"Framo bringt H2 Truck Ende 2021 &#038; stellt e-Kit\u00b4s f\u00fcr Partner zur Verf\u00fcgung"},"content":{"rendered":"\n<ul><li><strong>Brennstoffzellenantrieb f\u00fcr verschiedene Anwendungen <\/strong><\/li><li><strong>E-Kit f\u00fcr globale Partner<\/strong><\/li><li><strong>Einladung zur Framo Zentrale &#8211; Tag der Kl\u00e4renden T\u00fcr am 23.03.21<\/strong><\/li><\/ul>\n\n\n\n<p>Die Framo GmbH will noch in diesem Jahr einen eTruck mit Wasserstoffantrieb vorstellen.&nbsp; Das k\u00fcndigte das th\u00fcringische Unternehmen nun in einer Pressemitteilung an. Damit hat der Mittelst\u00e4ndler, der f\u00fcr seine Innovationskraft bekannt ist, einmal mehr in einem wichtigen Feld der Zukunftsmobilit\u00e4t einen technischen Vorsprung. \u201eWir haben jahrelang geforscht, entwickelt und gearbeitet, jetzt sind wir so weit\u201c, stellt Ralf Binnenbruck fest, der CTO der Framo GmbH. Eine Nachricht, die in der Branche f\u00fcr Aufsehen sorgt. Denn auch viele internationale Gro\u00dfkonzerne arbeiten seit Jahren am Thema Wasserstoff im Schwerlastverkehr. In vielen F\u00e4llen allerdings ohne z\u00e4hlbare Ergebnisse. \u201eDas spezialisierte Know-How unserer Mitarbeiter und die Kontinuit\u00e4t in der Entwicklungsarbeit unserer Ingenieure, machen diese Ergebnisse m\u00f6glich\u201c, betont Binnenbruck.<\/p>\n\n\n\n<h3><strong>Angebot auf der Langstrecke<\/strong><\/h3>\n\n\n\n<p>Bislang ist Framo f\u00fcr die E-Mobilit\u00e4t im Bereich des Schwerlastverkehrs bekannt. Hier \u00fcberzeugt man mit kleinen Serien f\u00fcr besondere Anspr\u00fcche. Vom kommunalen Abfallsammel-Lkw \u00fcber den elektrisch angetriebenen Betonmischer bis hin zum eTruck mit K\u00fchlaggregat reicht das Portfolio. Und das im Bereich von 7,5 bis 60 Tonnen. Zu den Kunden z\u00e4hlen u.a. die Supermarktkette Aldi, das Bahn-Logistikunternehmen DB Schenker oder auch Kommunen. Die Elektromobilit\u00e4t im Schwerlastverkehr hat ihre St\u00e4rken allerdings auf der Kurz- und Mitteldistanz. Mit der neuen Generation von Wasserstrofftrucks will Framo deshalb nun auf der Langstrecke ein Angebot machen. Hier gilt die Wasserstofftechnologie in Form einer Brennstoffzelle als Zukunft der Mobilit\u00e4t. Auf diese Weise l\u00e4sst sich erheblich Gewicht sparen und Ladungskapazit\u00e4t gewinnen. Gleichzeitig w\u00e4chst die Reichweite der Trucks.<\/p>\n\n\n\n<p>\u201eDer Markt ist gigantisch\u201c, ist Serhat Yilmaz \u00fcberzeugt, der bei Framo als Unterst\u00fctzung der Gesch\u00e4ftsf\u00fchrung f\u00fcr Marketing, Business Development, Investor Relations und Vertrieb zust\u00e4ndig ist. \u201eWir bieten eine 100 Prozent emissionsfreie Mobilit\u00e4t f\u00fcr den Transport von G\u00fctern. Die wird ein zentraler Baustein der Energiewende sein m\u00fcssen und Teil eines nachhaltigen Wirtschaftssystems\u201c Der Prototyp, der noch in diesem Jahr vorgestellt werden soll, ist ein 26-Tonner, dessen Grundaufbau nach dem bew\u00e4hrten Framo-Prinzip mit modularen Erweiterungen f\u00fcr zahlreiche Nischen spezialisiert werden kann.<\/p>\n\n\n\n<h3><strong>Tag der kl\u00e4renden T\u00fcr<\/strong><\/h3>\n\n\n\n<p>Derzeit befindet sich das Traditionsunternehmen in Gespr\u00e4chen \u00fcber eine engere Zusammenarbeit mit mehreren gro\u00dfen Partnern. \u201eUnser Know-How in der Umr\u00fcstung mit der Serienst\u00e4rke eines gro\u00dfen Konzerns zu verbinden, das kann f\u00fcr beide Seiten Sinn machen\u201c, erkl\u00e4rt Serhat Yilmaz. Das aber ist nur eine von vielen Zukunftsperspektiven f\u00fcr das th\u00fcringische Unternehmen. Man sieht auch gro\u00dfe Chancen in der Auslieferung fertiger KITs, die dann weltweit von spezialisierten Umr\u00fcstern verbaut werden. Denn neben der Auslieferung neuer Lkw wird der Umbau bestehender Fuhrparks in den kommenden Jahren erheblich an Bedeutung gewinnen.<\/p>\n\n\n\n<p>Die FRAMO GmbH pr\u00e4sentiert sich am 23.03.2021 mit dem Motto TAG DER KL\u00c4RENDEN T\u00dcR. Die Framo hat sich in den vergangenen Monaten neu aufgestellt und die Entwicklung vorangetrieben. \u201eDas wollen wir Ihnen gerne bei einem pers\u00f6nlichen Termin zeigen\u201c, l\u00e4dt Yilmaz ein. Die neue Leitung des Unternehmens, Herr Makmie Jebrahim (technischer Gesch\u00e4ftsf\u00fchrer) und Herr Elarbi Saidi (kaufm\u00e4nnischer Gesch\u00e4ftsf\u00fchrer) pr\u00e4sentieren sich bei dieser Gelegenheit erstmals \u00f6ffentlich. Sie erkl\u00e4ren, wo die FRAMO GmbH herkommt, was in der Vergangenheit schieflief und wo sie in den n\u00e4chsten Jahren hinwill. Unterst\u00fctzt werden sie von Herrn Ralf Binnenbruck (CTO) und Herrn Serhat Yilmaz (Mitglied der Gesch\u00e4ftsf\u00fchrung, CMO, CBDM). Online oder per Mail k\u00f6nnen sich alle Pressevertreter und Redakteure anmelden.<\/p>\n\n\n\n<p><strong>\u00dcber Framo:<\/strong><\/p>\n\n\n\n<p>Die Framo GmbH ist ein innovatives Unternehmen mit Sitz in L\u00f6bichau, das mit viel Leidenschaft die Umgestaltung der urbanen und suburbanen Logistik vorantreibt. 2014 hauchte man der Traditionsmarke neues Leben ein. Durch Umr\u00fcstung der Nutzfahrzeuge auf saubere, batterie- oder brennstoffzellenbetriebene Antriebssysteme tr\u00e4gt das Unternehmen zur Verringerung der CO2 Emissionen bei. Einen Gro\u00dfteil der Komponenten entwickelt Framo dabei selbst.<\/p>\n\n\n\n<p><strong>Pressekontakt:<br><\/strong>Serhat Yilmaz<br>Unterst\u00fctzung der Gesch\u00e4ftsf\u00fchrung<br>Chief Marketing &amp; Business Development Officer<br>Tel.: +49 36602 473330<br>Mail: s.yilmaz@framo-eway.com<\/p>\n\n\n\n<p><a class=\"c-btn-green\" href=\"\/wp-content\/uploads\/2018\/08\/Press-Release-Framo-GmbH-16.03.21-1.pdf\" download=\"\">Download: Pressemitteilung PDF<\/a><\/p>\n","protected":false},"excerpt":{"rendered":"<p>Die Framo GmbH will noch in diesem Jahr einen eTruck mit Wasserstoffantrieb vorstellen.\u00a0 Das k\u00fcndigte das th\u00fcringische Unternehmen nun in einer Pressemitteilung an.<\/p>\n","protected":false},"author":1,"featured_media":2892,"comment_status":"open","ping_status":"open","sticky":false,"template":"","format":"standard","meta":[],"categories":[7],"tags":[],"yoast_head":"<!-- This site is optimized with the Yoast SEO plugin v19.9 - https:\/\/yoast.com\/wordpress\/plugins\/seo\/ -->\n<title>Framo bringt H2 Truck Ende 2021 &amp; stellt e-Kit\u00b4s f\u00fcr Partner zur Verf\u00fcgung - FRAMO eTrucks<\/title>\n<meta name=\"robots\" content=\"index, follow, max-snippet:-1, max-image-preview:large, max-video-preview:-1\" \/>\n<link rel=\"canonical\" href=\"https:\/\/www.framo-eway.com\/de\/framo-bringt-h2-truck-ende-2021-stellt-e-kits-fuer-partner-zur-verfuegung\/\" \/>\n<meta property=\"og:locale\" content=\"de_DE\" \/>\n<meta property=\"og:type\" content=\"article\" \/>\n<meta property=\"og:title\" content=\"Framo bringt H2 Truck Ende 2021 &amp; stellt e-Kit\u00b4s f\u00fcr Partner zur Verf\u00fcgung - FRAMO eTrucks\" \/>\n<meta property=\"og:description\" content=\"Die Framo GmbH will noch in diesem Jahr einen eTruck mit Wasserstoffantrieb vorstellen.\u00a0 Das k\u00fcndigte das th\u00fcringische Unternehmen nun in einer Pressemitteilung an.\" \/>\n<meta property=\"og:url\" content=\"https:\/\/www.framo-eway.com\/de\/framo-bringt-h2-truck-ende-2021-stellt-e-kits-fuer-partner-zur-verfuegung\/\" \/>\n<meta property=\"og:site_name\" content=\"FRAMO eTrucks\" \/>\n<meta property=\"article:publisher\" content=\"https:\/\/www.facebook.com\/DriveYourEWay\/\" \/>\n<meta property=\"article:published_time\" content=\"2021-03-16T09:00:34+00:00\" \/>\n<meta property=\"article:modified_time\" content=\"2021-12-13T10:52:37+00:00\" \/>\n<meta property=\"og:image\" content=\"https:\/\/www.framo-eway.com\/wp-content\/uploads\/2021\/03\/Pressemitteilung_Framo-1.jpg\" \/>\n\t<meta property=\"og:image:width\" content=\"1920\" \/>\n\t<meta property=\"og:image:height\" content=\"1920\" \/>\n\t<meta property=\"og:image:type\" content=\"image\/jpeg\" \/>\n<meta name=\"author\" content=\"admin\" \/>\n<meta name=\"twitter:card\" content=\"summary_large_image\" \/>\n<meta name=\"twitter:creator\" content=\"@ewayframo\" \/>\n<meta name=\"twitter:site\" content=\"@ewayframo\" \/>\n<meta name=\"twitter:label1\" content=\"Verfasst von\" \/>\n\t<meta name=\"twitter:data1\" content=\"admin\" \/>\n\t<meta name=\"twitter:label2\" content=\"Gesch\u00e4tzte Lesezeit\" \/>\n\t<meta name=\"twitter:data2\" content=\"3\u00a0Minuten\" \/>\n<script type=\"application\/ld+json\" class=\"yoast-schema-graph\">{\"@context\":\"https:\/\/schema.org\",\"@graph\":[{\"@type\":\"Article\",\"@id\":\"https:\/\/www.framo-eway.com\/de\/framo-bringt-h2-truck-ende-2021-stellt-e-kits-fuer-partner-zur-verfuegung\/#article\",\"isPartOf\":{\"@id\":\"https:\/\/www.framo-eway.com\/de\/framo-bringt-h2-truck-ende-2021-stellt-e-kits-fuer-partner-zur-verfuegung\/\"},\"author\":{\"name\":\"admin\",\"@id\":\"https:\/\/www.framo-eway.com\/de\/#\/schema\/person\/ccbb29b0f6285f618eaf1b736e16813d\"},\"headline\":\"Framo bringt H2 Truck Ende 2021 &#038; stellt e-Kit\u00b4s f\u00fcr Partner zur Verf\u00fcgung\",\"datePublished\":\"2021-03-16T09:00:34+00:00\",\"dateModified\":\"2021-12-13T10:52:37+00:00\",\"mainEntityOfPage\":{\"@id\":\"https:\/\/www.framo-eway.com\/de\/framo-bringt-h2-truck-ende-2021-stellt-e-kits-fuer-partner-zur-verfuegung\/\"},\"wordCount\":700,\"commentCount\":0,\"publisher\":{\"@id\":\"https:\/\/www.framo-eway.com\/de\/#organization\"},\"articleSection\":[\"Pressemitteilung\"],\"inLanguage\":\"de\",\"potentialAction\":[{\"@type\":\"CommentAction\",\"name\":\"Comment\",\"target\":[\"https:\/\/www.framo-eway.com\/de\/framo-bringt-h2-truck-ende-2021-stellt-e-kits-fuer-partner-zur-verfuegung\/#respond\"]}]},{\"@type\":\"WebPage\",\"@id\":\"https:\/\/www.framo-eway.com\/de\/framo-bringt-h2-truck-ende-2021-stellt-e-kits-fuer-partner-zur-verfuegung\/\",\"url\":\"https:\/\/www.framo-eway.com\/de\/framo-bringt-h2-truck-ende-2021-stellt-e-kits-fuer-partner-zur-verfuegung\/\",\"name\":\"Framo bringt H2 Truck Ende 2021 & stellt e-Kit\u00b4s f\u00fcr Partner zur Verf\u00fcgung - FRAMO eTrucks\",\"isPartOf\":{\"@id\":\"https:\/\/www.framo-eway.com\/de\/#website\"},\"datePublished\":\"2021-03-16T09:00:34+00:00\",\"dateModified\":\"2021-12-13T10:52:37+00:00\",\"breadcrumb\":{\"@id\":\"https:\/\/www.framo-eway.com\/de\/framo-bringt-h2-truck-ende-2021-stellt-e-kits-fuer-partner-zur-verfuegung\/#breadcrumb\"},\"inLanguage\":\"de\",\"potentialAction\":[{\"@type\":\"ReadAction\",\"target\":[\"https:\/\/www.framo-eway.com\/de\/framo-bringt-h2-truck-ende-2021-stellt-e-kits-fuer-partner-zur-verfuegung\/\"]}]},{\"@type\":\"BreadcrumbList\",\"@id\":\"https:\/\/www.framo-eway.com\/de\/framo-bringt-h2-truck-ende-2021-stellt-e-kits-fuer-partner-zur-verfuegung\/#breadcrumb\",\"itemListElement\":[{\"@type\":\"ListItem\",\"position\":1,\"name\":\"Home\",\"item\":\"https:\/\/www.framo-eway.com\/de\/\"},{\"@type\":\"ListItem\",\"position\":2,\"name\":\"Framo bringt H2 Truck Ende 2021 &#038; stellt e-Kit\u00b4s f\u00fcr Partner zur Verf\u00fcgung\"}]},{\"@type\":\"WebSite\",\"@id\":\"https:\/\/www.framo-eway.com\/de\/#website\",\"url\":\"https:\/\/www.framo-eway.com\/de\/\",\"name\":\"FRAMO eTrucks\",\"description\":\"Drive your eWay\",\"publisher\":{\"@id\":\"https:\/\/www.framo-eway.com\/de\/#organization\"},\"potentialAction\":[{\"@type\":\"SearchAction\",\"target\":{\"@type\":\"EntryPoint\",\"urlTemplate\":\"https:\/\/www.framo-eway.com\/de\/?s={search_term_string}\"},\"query-input\":\"required name=search_term_string\"}],\"inLanguage\":\"de\"},{\"@type\":\"Organization\",\"@id\":\"https:\/\/www.framo-eway.com\/de\/#organization\",\"name\":\"FRAMO GmbH\",\"url\":\"https:\/\/www.framo-eway.com\/de\/\",\"logo\":{\"@type\":\"ImageObject\",\"inLanguage\":\"de\",\"@id\":\"https:\/\/www.framo-eway.com\/de\/#\/schema\/logo\/image\/\",\"url\":\"https:\/\/www.framo-eway.com\/wp-content\/uploads\/2021\/12\/favicon.png\",\"contentUrl\":\"https:\/\/www.framo-eway.com\/wp-content\/uploads\/2021\/12\/favicon.png\",\"width\":100,\"height\":100,\"caption\":\"FRAMO GmbH\"},\"image\":{\"@id\":\"https:\/\/www.framo-eway.com\/de\/#\/schema\/logo\/image\/\"},\"sameAs\":[\"https:\/\/www.instagram.com\/framo_eway\/\",\"https:\/\/www.linkedin.com\/company\/framo-gmbh\/\",\"https:\/\/www.youtube.com\/channel\/UCC04KAkGMDQkg_zNopupgew\",\"https:\/\/de.wikipedia.org\/wiki\/Framo\",\"https:\/\/www.facebook.com\/DriveYourEWay\/\",\"https:\/\/twitter.com\/ewayframo\"]},{\"@type\":\"Person\",\"@id\":\"https:\/\/www.framo-eway.com\/de\/#\/schema\/person\/ccbb29b0f6285f618eaf1b736e16813d\",\"name\":\"admin\",\"image\":{\"@type\":\"ImageObject\",\"inLanguage\":\"de\",\"@id\":\"https:\/\/www.framo-eway.com\/de\/#\/schema\/person\/image\/\",\"url\":\"https:\/\/secure.gravatar.com\/avatar\/37250b421cf0667516cb13e5f8f329e6?s=96&d=mm&r=g\",\"contentUrl\":\"https:\/\/secure.gravatar.com\/avatar\/37250b421cf0667516cb13e5f8f329e6?s=96&d=mm&r=g\",\"caption\":\"admin\"}}]}<\/script>\n<!-- \/ Yoast SEO plugin. -->","yoast_head_json":{"title":"Framo bringt H2 Truck Ende 2021 & stellt e-Kit\u00b4s f\u00fcr Partner zur Verf\u00fcgung - FRAMO eTrucks","robots":{"index":"index","follow":"follow","max-snippet":"max-snippet:-1","max-image-preview":"max-image-preview:large","max-video-preview":"max-video-preview:-1"},"canonical":"https:\/\/www.framo-eway.com\/de\/framo-bringt-h2-truck-ende-2021-stellt-e-kits-fuer-partner-zur-verfuegung\/","og_locale":"de_DE","og_type":"article","og_title":"Framo bringt H2 Truck Ende 2021 & stellt e-Kit\u00b4s f\u00fcr Partner zur Verf\u00fcgung - FRAMO eTrucks","og_description":"Die Framo GmbH will noch in diesem Jahr einen eTruck mit Wasserstoffantrieb vorstellen.\u00a0 Das k\u00fcndigte das th\u00fcringische Unternehmen nun in einer Pressemitteilung an.","og_url":"https:\/\/www.framo-eway.com\/de\/framo-bringt-h2-truck-ende-2021-stellt-e-kits-fuer-partner-zur-verfuegung\/","og_site_name":"FRAMO eTrucks","article_publisher":"https:\/\/www.facebook.com\/DriveYourEWay\/","article_published_time":"2021-03-16T09:00:34+00:00","article_modified_time":"2021-12-13T10:52:37+00:00","og_image":[{"width":1920,"height":1920,"url":"https:\/\/www.framo-eway.com\/wp-content\/uploads\/2021\/03\/Pressemitteilung_Framo-1.jpg","type":"image\/jpeg"}],"author":"admin","twitter_card":"summary_large_image","twitter_creator":"@ewayframo","twitter_site":"@ewayframo","twitter_misc":{"Verfasst von":"admin","Gesch\u00e4tzte Lesezeit":"3\u00a0Minuten"},"schema":{"@context":"https:\/\/schema.org","@graph":[{"@type":"Article","@id":"https:\/\/www.framo-eway.com\/de\/framo-bringt-h2-truck-ende-2021-stellt-e-kits-fuer-partner-zur-verfuegung\/#article","isPartOf":{"@id":"https:\/\/www.framo-eway.com\/de\/framo-bringt-h2-truck-ende-2021-stellt-e-kits-fuer-partner-zur-verfuegung\/"},"author":{"name":"admin","@id":"https:\/\/www.framo-eway.com\/de\/#\/schema\/person\/ccbb29b0f6285f618eaf1b736e16813d"},"headline":"Framo bringt H2 Truck Ende 2021 &#038; stellt e-Kit\u00b4s f\u00fcr Partner zur Verf\u00fcgung","datePublished":"2021-03-16T09:00:34+00:00","dateModified":"2021-12-13T10:52:37+00:00","mainEntityOfPage":{"@id":"https:\/\/www.framo-eway.com\/de\/framo-bringt-h2-truck-ende-2021-stellt-e-kits-fuer-partner-zur-verfuegung\/"},"wordCount":700,"commentCount":0,"publisher":{"@id":"https:\/\/www.framo-eway.com\/de\/#organization"},"articleSection":["Pressemitteilung"],"inLanguage":"de","potentialAction":[{"@type":"CommentAction","name":"Comment","target":["https:\/\/www.framo-eway.com\/de\/framo-bringt-h2-truck-ende-2021-stellt-e-kits-fuer-partner-zur-verfuegung\/#respond"]}]},{"@type":"WebPage","@id":"https:\/\/www.framo-eway.com\/de\/framo-bringt-h2-truck-ende-2021-stellt-e-kits-fuer-partner-zur-verfuegung\/","url":"https:\/\/www.framo-eway.com\/de\/framo-bringt-h2-truck-ende-2021-stellt-e-kits-fuer-partner-zur-verfuegung\/","name":"Framo bringt H2 Truck Ende 2021 & stellt e-Kit\u00b4s f\u00fcr Partner zur Verf\u00fcgung - FRAMO eTrucks","isPartOf":{"@id":"https:\/\/www.framo-eway.com\/de\/#website"},"datePublished":"2021-03-16T09:00:34+00:00","dateModified":"2021-12-13T10:52:37+00:00","breadcrumb":{"@id":"https:\/\/www.framo-eway.com\/de\/framo-bringt-h2-truck-ende-2021-stellt-e-kits-fuer-partner-zur-verfuegung\/#breadcrumb"},"inLanguage":"de","potentialAction":[{"@type":"ReadAction","target":["https:\/\/www.framo-eway.com\/de\/framo-bringt-h2-truck-ende-2021-stellt-e-kits-fuer-partner-zur-verfuegung\/"]}]},{"@type":"BreadcrumbList","@id":"https:\/\/www.framo-eway.com\/de\/framo-bringt-h2-truck-ende-2021-stellt-e-kits-fuer-partner-zur-verfuegung\/#breadcrumb","itemListElement":[{"@type":"ListItem","position":1,"name":"Home","item":"https:\/\/www.framo-eway.com\/de\/"},{"@type":"ListItem","position":2,"name":"Framo bringt H2 Truck Ende 2021 &#038; stellt e-Kit\u00b4s f\u00fcr Partner zur Verf\u00fcgung"}]},{"@type":"WebSite","@id":"https:\/\/www.framo-eway.com\/de\/#website","url":"https:\/\/www.framo-eway.com\/de\/","name":"FRAMO eTrucks","description":"Drive your eWay","publisher":{"@id":"https:\/\/www.framo-eway.com\/de\/#organization"},"potentialAction":[{"@type":"SearchAction","target":{"@type":"EntryPoint","urlTemplate":"https:\/\/www.framo-eway.com\/de\/?s={search_term_string}"},"query-input":"required name=search_term_string"}],"inLanguage":"de"},{"@type":"Organization","@id":"https:\/\/www.framo-eway.com\/de\/#organization","name":"FRAMO GmbH","url":"https:\/\/www.framo-eway.com\/de\/","logo":{"@type":"ImageObject","inLanguage":"de","@id":"https:\/\/www.framo-eway.com\/de\/#\/schema\/logo\/image\/","url":"https:\/\/www.framo-eway.com\/wp-content\/uploads\/2021\/12\/favicon.png","contentUrl":"https:\/\/www.framo-eway.com\/wp-content\/uploads\/2021\/12\/favicon.png","width":100,"height":100,"caption":"FRAMO GmbH"},"image":{"@id":"https:\/\/www.framo-eway.com\/de\/#\/schema\/logo\/image\/"},"sameAs":["https:\/\/www.instagram.com\/framo_eway\/","https:\/\/www.linkedin.com\/company\/framo-gmbh\/","https:\/\/www.youtube.com\/channel\/UCC04KAkGMDQkg_zNopupgew","https:\/\/de.wikipedia.org\/wiki\/Framo","https:\/\/www.facebook.com\/DriveYourEWay\/","https:\/\/twitter.com\/ewayframo"]},{"@type":"Person","@id":"https:\/\/www.framo-eway.com\/de\/#\/schema\/person\/ccbb29b0f6285f618eaf1b736e16813d","name":"admin","image":{"@type":"ImageObject","inLanguage":"de","@id":"https:\/\/www.framo-eway.com\/de\/#\/schema\/person\/image\/","url":"https:\/\/secure.gravatar.com\/avatar\/37250b421cf0667516cb13e5f8f329e6?s=96&d=mm&r=g","contentUrl":"https:\/\/secure.gravatar.com\/avatar\/37250b421cf0667516cb13e5f8f329e6?s=96&d=mm&r=g","caption":"admin"}}]}},"_links":{"self":[{"href":"https:\/\/www.framo-eway.com\/de\/wp-json\/wp\/v2\/posts\/2957"}],"collection":[{"href":"https:\/\/www.framo-eway.com\/de\/wp-json\/wp\/v2\/posts"}],"about":[{"href":"https:\/\/www.framo-eway.com\/de\/wp-json\/wp\/v2\/types\/post"}],"author":[{"embeddable":true,"href":"https:\/\/www.framo-eway.com\/de\/wp-json\/wp\/v2\/users\/1"}],"replies":[{"embeddable":true,"href":"https:\/\/www.framo-eway.com\/de\/wp-json\/wp\/v2\/comments?post=2957"}],"version-history":[{"count":6,"href":"https:\/\/www.framo-eway.com\/de\/wp-json\/wp\/v2\/posts\/2957\/revisions"}],"predecessor-version":[{"id":3467,"href":"https:\/\/www.framo-eway.com\/de\/wp-json\/wp\/v2\/posts\/2957\/revisions\/3467"}],"wp:featuredmedia":[{"embeddable":true,"href":"https:\/\/www.framo-eway.com\/de\/wp-json\/wp\/v2\/media\/2892"}],"wp:attachment":[{"href":"https:\/\/www.framo-eway.com\/de\/wp-json\/wp\/v2\/media?parent=2957"}],"wp:term":[{"taxonomy":"category","embeddable":true,"href":"https:\/\/www.framo-eway.com\/de\/wp-json\/wp\/v2\/categories?post=2957"},{"taxonomy":"post_tag","embeddable":true,"href":"https:\/\/www.framo-eway.com\/de\/wp-json\/wp\/v2\/tags?post=2957"}],"curies":[{"name":"wp","href":"https:\/\/api.w.org\/{rel}","templated":true}]}}