{"id":2875,"date":"2021-03-02T10:00:41","date_gmt":"2021-03-02T09:00:41","guid":{"rendered":"https:\/\/www.framo-eway.com\/aldi-sued-bringt-ersten-elektro-sattelzug-mit-kuehlung-auf-die-strasse-copy\/"},"modified":"2021-12-13T11:53:44","modified_gmt":"2021-12-13T10:53:44","slug":"mehr-power-fuer-die-e-mobilitaet-im-schwerlastverkehr","status":"publish","type":"post","link":"https:\/\/www.framo-eway.com\/de\/mehr-power-fuer-die-e-mobilitaet-im-schwerlastverkehr\/","title":{"rendered":"Mehr Power f\u00fcr die E-Mobilit\u00e4t im Schwerlastverkehr"},"content":{"rendered":"\n<ul><li><strong>Drei Millionen Euro Kapitalerh\u00f6hung<\/strong><\/li><li><strong>Neuer Experte f\u00fcr Marketing &amp; Business Development als Unterst\u00fctzung der Gesch\u00e4ftsf\u00fchrung<\/strong><\/li><li><strong>Technischer Vorsprung vor den Giganten der Branche<\/strong><\/li><\/ul>\n\n\n\n<p><strong>Kapitalerh\u00f6hung und neue Unterst\u00fctzung der Gesch\u00e4ftsf\u00fchrung<br><\/strong>Eine Kapitalerh\u00f6hung um drei Millionen Euro und ein neues Gesicht in der erweiterten Gesch\u00e4ftsf\u00fchrung: Die Framo GmbH baut weiter mit Hochdruck an der elektromobilen Zukunft des Schwerlastverkehrs. Ein extremer Wachstumsmarkt der Zukunft. Der Verband Deutscher Maschinen- und Anlagenbau geht davon aus, dass schon 2025 nur noch 40 Prozent aller Nutzfahrzeuge mit einem klassischen Verbrennungsmotor unterwegs sein werden. Und in diesem Markt hat der Mittelst\u00e4ndler Framo derzeit einen technischen Vorsprung vor den Giganten der Branchen. \u201eTesla zum Beispiel will seit Jahren seinen elektrischen Semitruck vorstellen, hat es aber bis heute nicht geschafft\u201c, stellt Serhat Yilmaz fest. \u201eWas Tesla nicht kann, dazu sind wir in Kleinserien l\u00e4ngst in der Lage.\u201c<br>Yilmaz ist zum 01.03.2021 bei dem Traditionsunternehmen aus Th\u00fcringen als neue Unterst\u00fctzung der Gesch\u00e4ftsf\u00fchrung zust\u00e4ndig f\u00fcr Marketing, Business Development, Investor Relations und Vertrieb. Bereits seit 1927 werden unter der Marke Framo Transporter hergestellt. Dem Lastenverkehr als Gesch\u00e4ftsgebiet ist man treu geblieben, die Antriebsart aber hat man l\u00e4ngst ver\u00e4ndert.<\/p>\n\n\n\n<p><strong>Innovative und individuelle L\u00f6sungen<br><\/strong>Framo ist heute ein innovativer Technologie-Entwickler und -Anwender rund um die Elektromobilit\u00e4t im Schwerlastverkehr. Lkw\u00b4s von 7,5 bis 44 Tonnen werden mit batterielektronischem Antriebsstrang fit f\u00fcr die emissionsfreie Mobilit\u00e4t der Zukunft gemacht. Eine zentrale Rolle spielt dabei die erstklassige Forschungs- und Entwicklungsabteilung von Framo. \u201eWir sehen uns als jemanden, der dem Markt voraus rennt\u201c, erkl\u00e4rt Serhat Yilmaz den Anspruch. Dabei ist das Ziel des Mittelst\u00e4ndlers nicht der Massenmarkt, auf dem sich die gro\u00dfen Konzerne dr\u00e4ngen, sondern die Nischen. Es geht um ausgereifte, individuell angepasste Kleinserien im eTruck-Bereich. Hier will man die Nummer eins in Europa werden. Kunden sind unter anderem die Supermarktkette Aldi, das Bahn-Logistikunternehmen DB Schenker sowie viele Kommunen. Anfragen f\u00fcr die elektrischen Abfallsammel-Lkw von Framo kommen mittlerweile bis aus Asien und S\u00fcdamerika.<\/p>\n\n\n\n<p><strong>Einen Beitrag zur Verkehrswende<br><\/strong>Die St\u00e4rke von Framo in Entwicklung und Konstruktion soll Serhat Yilmaz im Marketing in Zukunft st\u00e4rker nach au\u00dfen tragen. Er kommt aus der Start-Up-Szene und ist in der Branche bestens vernetzt. Gro\u00dfes Potenzial sieht der Marketing- und Vertriebsexperte in der Umr\u00fcstung von Bestands-Lkw auf elektrische oder Wasserstoff-Antriebe. Yilmaz: \u201eDass es diese M\u00f6glichkeit gibt, ist noch zu wenig bekannt. Genauso, dass wir bei Framo das auch schnell in die Tat umsetzen k\u00f6nnen.\u201c Mit der Kapitalerh\u00f6hung um drei Millionen Euro hat sich das Unternehmen neue Ressourcen verschafft. Die sollen helfen, weitere, vielversprechende Innovationen zur Marktreife zu bringen. \u201eDie Zukunft des Verkehrs ist die E-Mobilit\u00e4t, ob vollelektrisch oder mit einer Brennstoffzelle angetrieben.\u201c Daran glaubt man bei Framo und will seinen Teil zur CO-2-freien Verkehrswende beitragen. Mit Innovation und Produktion made in Germany und einem neuen Vertriebskonzept.<\/p>\n\n\n\n<p><strong>\u00dcber Framo:<br><\/strong><em>Die Framo GmbH ist ein innovatives Unternehmen mit Sitz in L\u00f6bichau, das mit viel Leidenschaft die Umgestaltung der urbanen und suburbanen Logistik vorantreibt. 2014 hauchte man der Traditionsmarke neues Leben ein. Durch Umr\u00fcstung der Nutzfahrzeuge auf saubere, batterie- oder brennstoffzellenbetriebene Antriebssysteme tr\u00e4gt das Unternehmen zur Verringerung der CO2 Emissionen bei. Einen Gro\u00dfteil der Komponenten entwickelt Framo dabei selbst.<\/em><\/p>\n\n\n\n<p><strong>Pressekontakt:<br><\/strong>Serhat Yilmaz<br>Unterst\u00fctzung der Gesch\u00e4ftsf\u00fchrung<br>Chief Marketing &amp; Business Development Officer<br>Tel.: +49 36602 473330<br>Mail: s.yilmaz@framo-eway.com<\/p>\n\n\n\n<p><a class=\"c-btn-green\" href=\"https:\/\/www.framo-eway.com\/wp-content\/uploads\/2018\/08\/Press-Release-Framo-GmbH-02.03.21.pdf\" download=\"\">Download: Pressemitteilung PDF<\/a><\/p>\n","protected":false},"excerpt":{"rendered":"<p>Eine Kapitalerh\u00f6hung um drei Millionen Euro und ein neues Gesicht in der erweiterten Gesch\u00e4ftsf\u00fchrung: Die Framo GmbH baut weiter mit Hochdruck an der elektromobilen Zukunft des Schwerlastverkehrs.<\/p>\n","protected":false},"author":1,"featured_media":2892,"comment_status":"open","ping_status":"open","sticky":false,"template":"","format":"standard","meta":[],"categories":[7],"tags":[],"yoast_head":"<!-- This site is optimized with the Yoast SEO plugin v19.9 - https:\/\/yoast.com\/wordpress\/plugins\/seo\/ -->\n<title>Mehr Power f\u00fcr die E-Mobilit\u00e4t im Schwerlastverkehr - FRAMO eTrucks<\/title>\n<meta name=\"robots\" content=\"index, follow, max-snippet:-1, max-image-preview:large, max-video-preview:-1\" \/>\n<link rel=\"canonical\" href=\"https:\/\/www.framo-eway.com\/de\/mehr-power-fuer-die-e-mobilitaet-im-schwerlastverkehr\/\" \/>\n<meta property=\"og:locale\" content=\"de_DE\" \/>\n<meta property=\"og:type\" content=\"article\" \/>\n<meta property=\"og:title\" content=\"Mehr Power f\u00fcr die E-Mobilit\u00e4t im Schwerlastverkehr - FRAMO eTrucks\" \/>\n<meta property=\"og:description\" content=\"Eine Kapitalerh\u00f6hung um drei Millionen Euro und ein neues Gesicht in der erweiterten Gesch\u00e4ftsf\u00fchrung: Die Framo GmbH baut weiter mit Hochdruck an der elektromobilen Zukunft des Schwerlastverkehrs.\" \/>\n<meta property=\"og:url\" content=\"https:\/\/www.framo-eway.com\/de\/mehr-power-fuer-die-e-mobilitaet-im-schwerlastverkehr\/\" \/>\n<meta property=\"og:site_name\" content=\"FRAMO eTrucks\" \/>\n<meta property=\"article:publisher\" content=\"https:\/\/www.facebook.com\/DriveYourEWay\/\" \/>\n<meta property=\"article:published_time\" content=\"2021-03-02T09:00:41+00:00\" \/>\n<meta property=\"article:modified_time\" content=\"2021-12-13T10:53:44+00:00\" \/>\n<meta property=\"og:image\" content=\"https:\/\/www.framo-eway.com\/wp-content\/uploads\/2021\/03\/Pressemitteilung_Framo-1.jpg\" \/>\n\t<meta property=\"og:image:width\" content=\"1920\" \/>\n\t<meta property=\"og:image:height\" content=\"1920\" \/>\n\t<meta property=\"og:image:type\" content=\"image\/jpeg\" \/>\n<meta name=\"author\" content=\"admin\" \/>\n<meta name=\"twitter:card\" content=\"summary_large_image\" \/>\n<meta name=\"twitter:creator\" content=\"@ewayframo\" \/>\n<meta name=\"twitter:site\" content=\"@ewayframo\" \/>\n<meta name=\"twitter:label1\" content=\"Verfasst von\" \/>\n\t<meta name=\"twitter:data1\" content=\"admin\" \/>\n\t<meta name=\"twitter:label2\" content=\"Gesch\u00e4tzte Lesezeit\" \/>\n\t<meta name=\"twitter:data2\" content=\"3\u00a0Minuten\" \/>\n<script type=\"application\/ld+json\" class=\"yoast-schema-graph\">{\"@context\":\"https:\/\/schema.org\",\"@graph\":[{\"@type\":\"Article\",\"@id\":\"https:\/\/www.framo-eway.com\/de\/mehr-power-fuer-die-e-mobilitaet-im-schwerlastverkehr\/#article\",\"isPartOf\":{\"@id\":\"https:\/\/www.framo-eway.com\/de\/mehr-power-fuer-die-e-mobilitaet-im-schwerlastverkehr\/\"},\"author\":{\"name\":\"admin\",\"@id\":\"https:\/\/www.framo-eway.com\/de\/#\/schema\/person\/ccbb29b0f6285f618eaf1b736e16813d\"},\"headline\":\"Mehr Power f\u00fcr die E-Mobilit\u00e4t im Schwerlastverkehr\",\"datePublished\":\"2021-03-02T09:00:41+00:00\",\"dateModified\":\"2021-12-13T10:53:44+00:00\",\"mainEntityOfPage\":{\"@id\":\"https:\/\/www.framo-eway.com\/de\/mehr-power-fuer-die-e-mobilitaet-im-schwerlastverkehr\/\"},\"wordCount\":580,\"commentCount\":0,\"publisher\":{\"@id\":\"https:\/\/www.framo-eway.com\/de\/#organization\"},\"articleSection\":[\"Pressemitteilung\"],\"inLanguage\":\"de\",\"potentialAction\":[{\"@type\":\"CommentAction\",\"name\":\"Comment\",\"target\":[\"https:\/\/www.framo-eway.com\/de\/mehr-power-fuer-die-e-mobilitaet-im-schwerlastverkehr\/#respond\"]}]},{\"@type\":\"WebPage\",\"@id\":\"https:\/\/www.framo-eway.com\/de\/mehr-power-fuer-die-e-mobilitaet-im-schwerlastverkehr\/\",\"url\":\"https:\/\/www.framo-eway.com\/de\/mehr-power-fuer-die-e-mobilitaet-im-schwerlastverkehr\/\",\"name\":\"Mehr Power f\u00fcr die E-Mobilit\u00e4t im Schwerlastverkehr - FRAMO eTrucks\",\"isPartOf\":{\"@id\":\"https:\/\/www.framo-eway.com\/de\/#website\"},\"datePublished\":\"2021-03-02T09:00:41+00:00\",\"dateModified\":\"2021-12-13T10:53:44+00:00\",\"breadcrumb\":{\"@id\":\"https:\/\/www.framo-eway.com\/de\/mehr-power-fuer-die-e-mobilitaet-im-schwerlastverkehr\/#breadcrumb\"},\"inLanguage\":\"de\",\"potentialAction\":[{\"@type\":\"ReadAction\",\"target\":[\"https:\/\/www.framo-eway.com\/de\/mehr-power-fuer-die-e-mobilitaet-im-schwerlastverkehr\/\"]}]},{\"@type\":\"BreadcrumbList\",\"@id\":\"https:\/\/www.framo-eway.com\/de\/mehr-power-fuer-die-e-mobilitaet-im-schwerlastverkehr\/#breadcrumb\",\"itemListElement\":[{\"@type\":\"ListItem\",\"position\":1,\"name\":\"Home\",\"item\":\"https:\/\/www.framo-eway.com\/de\/\"},{\"@type\":\"ListItem\",\"position\":2,\"name\":\"Mehr Power f\u00fcr die E-Mobilit\u00e4t im Schwerlastverkehr\"}]},{\"@type\":\"WebSite\",\"@id\":\"https:\/\/www.framo-eway.com\/de\/#website\",\"url\":\"https:\/\/www.framo-eway.com\/de\/\",\"name\":\"FRAMO eTrucks\",\"description\":\"Drive your eWay\",\"publisher\":{\"@id\":\"https:\/\/www.framo-eway.com\/de\/#organization\"},\"potentialAction\":[{\"@type\":\"SearchAction\",\"target\":{\"@type\":\"EntryPoint\",\"urlTemplate\":\"https:\/\/www.framo-eway.com\/de\/?s={search_term_string}\"},\"query-input\":\"required name=search_term_string\"}],\"inLanguage\":\"de\"},{\"@type\":\"Organization\",\"@id\":\"https:\/\/www.framo-eway.com\/de\/#organization\",\"name\":\"FRAMO GmbH\",\"url\":\"https:\/\/www.framo-eway.com\/de\/\",\"logo\":{\"@type\":\"ImageObject\",\"inLanguage\":\"de\",\"@id\":\"https:\/\/www.framo-eway.com\/de\/#\/schema\/logo\/image\/\",\"url\":\"https:\/\/www.framo-eway.com\/wp-content\/uploads\/2021\/12\/favicon.png\",\"contentUrl\":\"https:\/\/www.framo-eway.com\/wp-content\/uploads\/2021\/12\/favicon.png\",\"width\":100,\"height\":100,\"caption\":\"FRAMO GmbH\"},\"image\":{\"@id\":\"https:\/\/www.framo-eway.com\/de\/#\/schema\/logo\/image\/\"},\"sameAs\":[\"https:\/\/www.instagram.com\/framo_eway\/\",\"https:\/\/www.linkedin.com\/company\/framo-gmbh\/\",\"https:\/\/www.youtube.com\/channel\/UCC04KAkGMDQkg_zNopupgew\",\"https:\/\/de.wikipedia.org\/wiki\/Framo\",\"https:\/\/www.facebook.com\/DriveYourEWay\/\",\"https:\/\/twitter.com\/ewayframo\"]},{\"@type\":\"Person\",\"@id\":\"https:\/\/www.framo-eway.com\/de\/#\/schema\/person\/ccbb29b0f6285f618eaf1b736e16813d\",\"name\":\"admin\",\"image\":{\"@type\":\"ImageObject\",\"inLanguage\":\"de\",\"@id\":\"https:\/\/www.framo-eway.com\/de\/#\/schema\/person\/image\/\",\"url\":\"https:\/\/secure.gravatar.com\/avatar\/37250b421cf0667516cb13e5f8f329e6?s=96&d=mm&r=g\",\"contentUrl\":\"https:\/\/secure.gravatar.com\/avatar\/37250b421cf0667516cb13e5f8f329e6?s=96&d=mm&r=g\",\"caption\":\"admin\"}}]}<\/script>\n<!-- \/ Yoast SEO plugin. -->","yoast_head_json":{"title":"Mehr Power f\u00fcr die E-Mobilit\u00e4t im Schwerlastverkehr - FRAMO eTrucks","robots":{"index":"index","follow":"follow","max-snippet":"max-snippet:-1","max-image-preview":"max-image-preview:large","max-video-preview":"max-video-preview:-1"},"canonical":"https:\/\/www.framo-eway.com\/de\/mehr-power-fuer-die-e-mobilitaet-im-schwerlastverkehr\/","og_locale":"de_DE","og_type":"article","og_title":"Mehr Power f\u00fcr die E-Mobilit\u00e4t im Schwerlastverkehr - FRAMO eTrucks","og_description":"Eine Kapitalerh\u00f6hung um drei Millionen Euro und ein neues Gesicht in der erweiterten Gesch\u00e4ftsf\u00fchrung: Die Framo GmbH baut weiter mit Hochdruck an der elektromobilen Zukunft des Schwerlastverkehrs.","og_url":"https:\/\/www.framo-eway.com\/de\/mehr-power-fuer-die-e-mobilitaet-im-schwerlastverkehr\/","og_site_name":"FRAMO eTrucks","article_publisher":"https:\/\/www.facebook.com\/DriveYourEWay\/","article_published_time":"2021-03-02T09:00:41+00:00","article_modified_time":"2021-12-13T10:53:44+00:00","og_image":[{"width":1920,"height":1920,"url":"https:\/\/www.framo-eway.com\/wp-content\/uploads\/2021\/03\/Pressemitteilung_Framo-1.jpg","type":"image\/jpeg"}],"author":"admin","twitter_card":"summary_large_image","twitter_creator":"@ewayframo","twitter_site":"@ewayframo","twitter_misc":{"Verfasst von":"admin","Gesch\u00e4tzte Lesezeit":"3\u00a0Minuten"},"schema":{"@context":"https:\/\/schema.org","@graph":[{"@type":"Article","@id":"https:\/\/www.framo-eway.com\/de\/mehr-power-fuer-die-e-mobilitaet-im-schwerlastverkehr\/#article","isPartOf":{"@id":"https:\/\/www.framo-eway.com\/de\/mehr-power-fuer-die-e-mobilitaet-im-schwerlastverkehr\/"},"author":{"name":"admin","@id":"https:\/\/www.framo-eway.com\/de\/#\/schema\/person\/ccbb29b0f6285f618eaf1b736e16813d"},"headline":"Mehr Power f\u00fcr die E-Mobilit\u00e4t im Schwerlastverkehr","datePublished":"2021-03-02T09:00:41+00:00","dateModified":"2021-12-13T10:53:44+00:00","mainEntityOfPage":{"@id":"https:\/\/www.framo-eway.com\/de\/mehr-power-fuer-die-e-mobilitaet-im-schwerlastverkehr\/"},"wordCount":580,"commentCount":0,"publisher":{"@id":"https:\/\/www.framo-eway.com\/de\/#organization"},"articleSection":["Pressemitteilung"],"inLanguage":"de","potentialAction":[{"@type":"CommentAction","name":"Comment","target":["https:\/\/www.framo-eway.com\/de\/mehr-power-fuer-die-e-mobilitaet-im-schwerlastverkehr\/#respond"]}]},{"@type":"WebPage","@id":"https:\/\/www.framo-eway.com\/de\/mehr-power-fuer-die-e-mobilitaet-im-schwerlastverkehr\/","url":"https:\/\/www.framo-eway.com\/de\/mehr-power-fuer-die-e-mobilitaet-im-schwerlastverkehr\/","name":"Mehr Power f\u00fcr die E-Mobilit\u00e4t im Schwerlastverkehr - FRAMO eTrucks","isPartOf":{"@id":"https:\/\/www.framo-eway.com\/de\/#website"},"datePublished":"2021-03-02T09:00:41+00:00","dateModified":"2021-12-13T10:53:44+00:00","breadcrumb":{"@id":"https:\/\/www.framo-eway.com\/de\/mehr-power-fuer-die-e-mobilitaet-im-schwerlastverkehr\/#breadcrumb"},"inLanguage":"de","potentialAction":[{"@type":"ReadAction","target":["https:\/\/www.framo-eway.com\/de\/mehr-power-fuer-die-e-mobilitaet-im-schwerlastverkehr\/"]}]},{"@type":"BreadcrumbList","@id":"https:\/\/www.framo-eway.com\/de\/mehr-power-fuer-die-e-mobilitaet-im-schwerlastverkehr\/#breadcrumb","itemListElement":[{"@type":"ListItem","position":1,"name":"Home","item":"https:\/\/www.framo-eway.com\/de\/"},{"@type":"ListItem","position":2,"name":"Mehr Power f\u00fcr die E-Mobilit\u00e4t im Schwerlastverkehr"}]},{"@type":"WebSite","@id":"https:\/\/www.framo-eway.com\/de\/#website","url":"https:\/\/www.framo-eway.com\/de\/","name":"FRAMO eTrucks","description":"Drive your eWay","publisher":{"@id":"https:\/\/www.framo-eway.com\/de\/#organization"},"potentialAction":[{"@type":"SearchAction","target":{"@type":"EntryPoint","urlTemplate":"https:\/\/www.framo-eway.com\/de\/?s={search_term_string}"},"query-input":"required name=search_term_string"}],"inLanguage":"de"},{"@type":"Organization","@id":"https:\/\/www.framo-eway.com\/de\/#organization","name":"FRAMO GmbH","url":"https:\/\/www.framo-eway.com\/de\/","logo":{"@type":"ImageObject","inLanguage":"de","@id":"https:\/\/www.framo-eway.com\/de\/#\/schema\/logo\/image\/","url":"https:\/\/www.framo-eway.com\/wp-content\/uploads\/2021\/12\/favicon.png","contentUrl":"https:\/\/www.framo-eway.com\/wp-content\/uploads\/2021\/12\/favicon.png","width":100,"height":100,"caption":"FRAMO GmbH"},"image":{"@id":"https:\/\/www.framo-eway.com\/de\/#\/schema\/logo\/image\/"},"sameAs":["https:\/\/www.instagram.com\/framo_eway\/","https:\/\/www.linkedin.com\/company\/framo-gmbh\/","https:\/\/www.youtube.com\/channel\/UCC04KAkGMDQkg_zNopupgew","https:\/\/de.wikipedia.org\/wiki\/Framo","https:\/\/www.facebook.com\/DriveYourEWay\/","https:\/\/twitter.com\/ewayframo"]},{"@type":"Person","@id":"https:\/\/www.framo-eway.com\/de\/#\/schema\/person\/ccbb29b0f6285f618eaf1b736e16813d","name":"admin","image":{"@type":"ImageObject","inLanguage":"de","@id":"https:\/\/www.framo-eway.com\/de\/#\/schema\/person\/image\/","url":"https:\/\/secure.gravatar.com\/avatar\/37250b421cf0667516cb13e5f8f329e6?s=96&d=mm&r=g","contentUrl":"https:\/\/secure.gravatar.com\/avatar\/37250b421cf0667516cb13e5f8f329e6?s=96&d=mm&r=g","caption":"admin"}}]}},"_links":{"self":[{"href":"https:\/\/www.framo-eway.com\/de\/wp-json\/wp\/v2\/posts\/2875"}],"collection":[{"href":"https:\/\/www.framo-eway.com\/de\/wp-json\/wp\/v2\/posts"}],"about":[{"href":"https:\/\/www.framo-eway.com\/de\/wp-json\/wp\/v2\/types\/post"}],"author":[{"embeddable":true,"href":"https:\/\/www.framo-eway.com\/de\/wp-json\/wp\/v2\/users\/1"}],"replies":[{"embeddable":true,"href":"https:\/\/www.framo-eway.com\/de\/wp-json\/wp\/v2\/comments?post=2875"}],"version-history":[{"count":15,"href":"https:\/\/www.framo-eway.com\/de\/wp-json\/wp\/v2\/posts\/2875\/revisions"}],"predecessor-version":[{"id":3468,"href":"https:\/\/www.framo-eway.com\/de\/wp-json\/wp\/v2\/posts\/2875\/revisions\/3468"}],"wp:featuredmedia":[{"embeddable":true,"href":"https:\/\/www.framo-eway.com\/de\/wp-json\/wp\/v2\/media\/2892"}],"wp:attachment":[{"href":"https:\/\/www.framo-eway.com\/de\/wp-json\/wp\/v2\/media?parent=2875"}],"wp:term":[{"taxonomy":"category","embeddable":true,"href":"https:\/\/www.framo-eway.com\/de\/wp-json\/wp\/v2\/categories?post=2875"},{"taxonomy":"post_tag","embeddable":true,"href":"https:\/\/www.framo-eway.com\/de\/wp-json\/wp\/v2\/tags?post=2875"}],"curies":[{"name":"wp","href":"https:\/\/api.w.org\/{rel}","templated":true}]}}